{"id":10400,"date":"2022-09-21T04:00:00","date_gmt":"2022-09-21T02:00:00","guid":{"rendered":"http:\/\/verschluss.de\/?p=10400"},"modified":"2022-09-20T14:29:18","modified_gmt":"2022-09-20T12:29:18","slug":"erste_hilfe_blog","status":"publish","type":"post","link":"https:\/\/verschluss.de\/en\/pfefferkorn\/erste_hilfe_blog\/","title":{"rendered":"Tag der Ersten Hilfe"},"content":{"rendered":"<div data-elementor-type=\"wp-post\" data-elementor-id=\"10400\" class=\"elementor elementor-10400\" data-elementor-post-type=\"post\">\n\t\t\t\t\t\t<section class=\"elementor-section elementor-top-section elementor-element elementor-element-0cbdc0e elementor-section-boxed elementor-section-height-default elementor-section-height-default\" data-id=\"0cbdc0e\" data-element_type=\"section\" data-e-type=\"section\" data-settings=\"{&quot;jet_parallax_layout_list&quot;:[]}\">\n\t\t\t\t\t\t<div class=\"elementor-container elementor-column-gap-default\">\n\t\t\t\t\t<div class=\"elementor-column elementor-col-100 elementor-top-column elementor-element elementor-element-66590e1\" data-id=\"66590e1\" data-element_type=\"column\" data-e-type=\"column\">\n\t\t\t<div class=\"elementor-widget-wrap elementor-element-populated\">\n\t\t\t\t\t\t<div class=\"elementor-element elementor-element-c374a4f elementor-widget elementor-widget-text-editor\" data-id=\"c374a4f\" data-element_type=\"widget\" data-e-type=\"widget\" data-widget_type=\"text-editor.default\">\n\t\t\t\t<div class=\"elementor-widget-container\">\n\t\t\t\t\t\t\t\t\t<p>Am 21. September jeden Jahres erinnert der \u201eTag der Ersten Hilfe\u201c daran, wie wichtig es ist, Erste Hilfe leisten zu k\u00f6nnen. Die DGUV (Deutsche Gesetzliche Unfallversicherung) schreibt in ihren Unfallverh\u00fctungsvorschriften vor, dass jeder Unternehmer betriebliche Ersthelfer vorhalten muss.<\/p><p>Im Notfall zu wissen, was zu tun ist, kann Leben retten. Es geht darum, die Zeit bis zum Eintreffen der Rettungskr\u00e4fte zu \u00fcberbr\u00fccken. Dabei handelt es sich oft nur um wenige Minuten. Manchmal sind die Menschen jedoch unsicher und haben Angst, etwas falsch zu machen. Aber nicht zu handeln w\u00e4re wesentlich schlimmer.<\/p><p>Erste-Hilfe-Kurse geben Sicherheit. Zu wissen, was in welchem Fall zu tun ist, gibt dem Ersthelfer die n\u00f6tige innere Ruhe, so dass er effektiv dem Verletzten helfen kann.<\/p><p>Ersthelfer im Betrieb sind Mitarbeiter, die eine entsprechende betriebliche Schulung zur Ersten Hilfe absolviert haben. Ihre Aufgaben beschr\u00e4nken sich darauf, Verletzungen im Rahmen der Ersten Hilfe zu versorgen, den Notruf zu alarmieren bzw. sich um den Transport des Verletzten zu einem Arzt oder Krankenhaus zu k\u00fcmmern, eventuell \u2013 soweit erforderlich \u2013 die Unfallstelle zu sichern und den Vorfall sowie die erfolgten Erste-Hilfe-Leistungen zu dokumentieren. Die Dokumentation ist insofern erforderlich, dass eventuelle Sp\u00e4tfolgen des Unfalls als Arbeitsunfall nachgewiesen werden k\u00f6nnen.<\/p><p>Die Ausbildung zum betrieblichen Ersthelfer findet in einer 1-t\u00e4gigen Schulung statt, eine Auffrischung sollte alle zwei Jahre erfolgen.<\/p><p><strong>Nach zwei Jahren Pause aufgrund der Corona-Pandemie fand die diesj\u00e4hrige Erste-Hilfe-Schulung am 9. September im Gemeindehaus Holzbach statt. Durch die Teilnahme von 11 Mitarbeitern konnten wir einen Beitrag f\u00fcr die Sicherheit der Belegschaft leisten. Auf diesem Wege bedanken wir uns auch bei dem Dozenten der Johanniter-Unfall-Hilfe e.V. f\u00fcr den lehrreichen Tag. Hoffentlich m\u00fcssen wir die erworbenen Kenntnisse nie anwenden.<\/strong><\/p>\t\t\t\t\t\t\t\t<\/div>\n\t\t\t\t<\/div>\n\t\t\t\t\t<\/div>\n\t\t<\/div>\n\t\t\t\t\t<\/div>\n\t\t<\/section>\n\t\t\t\t<\/div>","protected":false},"excerpt":{"rendered":"<p>Betriebliche Ersthelfer der Firma Pfefferkorn &#038; Co GmbH geschult<\/p>","protected":false},"author":5,"featured_media":0,"comment_status":"open","ping_status":"open","sticky":false,"template":"","format":"standard","meta":{"site-sidebar-layout":"default","site-content-layout":"","ast-site-content-layout":"default","site-content-style":"default","site-sidebar-style":"default","ast-global-header-display":"","ast-banner-title-visibility":"","ast-main-header-display":"","ast-hfb-above-header-display":"","ast-hfb-below-header-display":"","ast-hfb-mobile-header-display":"","site-post-title":"","ast-breadcrumbs-content":"","ast-featured-img":"","footer-sml-layout":"","ast-disable-related-posts":"","theme-transparent-header-meta":"","adv-header-id-meta":"","stick-header-meta":"","header-above-stick-meta":"","header-main-stick-meta":"","header-below-stick-meta":"","astra-migrate-meta-layouts":"default","ast-page-background-enabled":"default","ast-page-background-meta":{"desktop":{"background-color":"var(--ast-global-color-4)","background-image":"","background-repeat":"repeat","background-position":"center center","background-size":"auto","background-attachment":"scroll","background-type":"","background-media":"","overlay-type":"","overlay-color":"","overlay-opacity":"","overlay-gradient":""},"tablet":{"background-color":"","background-image":"","background-repeat":"repeat","background-position":"center center","background-size":"auto","background-attachment":"scroll","background-type":"","background-media":"","overlay-type":"","overlay-color":"","overlay-opacity":"","overlay-gradient":""},"mobile":{"background-color":"","background-image":"","background-repeat":"repeat","background-position":"center center","background-size":"auto","background-attachment":"scroll","background-type":"","background-media":"","overlay-type":"","overlay-color":"","overlay-opacity":"","overlay-gradient":""}},"ast-content-background-meta":{"desktop":{"background-color":"var(--ast-global-color-5)","background-image":"","background-repeat":"repeat","background-position":"center center","background-size":"auto","background-attachment":"scroll","background-type":"","background-media":"","overlay-type":"","overlay-color":"","overlay-opacity":"","overlay-gradient":""},"tablet":{"background-color":"var(--ast-global-color-5)","background-image":"","background-repeat":"repeat","background-position":"center center","background-size":"auto","background-attachment":"scroll","background-type":"","background-media":"","overlay-type":"","overlay-color":"","overlay-opacity":"","overlay-gradient":""},"mobile":{"background-color":"var(--ast-global-color-5)","background-image":"","background-repeat":"repeat","background-position":"center center","background-size":"auto","background-attachment":"scroll","background-type":"","background-media":"","overlay-type":"","overlay-color":"","overlay-opacity":"","overlay-gradient":""}},"footnotes":""},"categories":[8],"tags":[],"class_list":["post-10400","post","type-post","status-publish","format-standard","hentry","category-pfefferkorn"],"yoast_head":"<!-- This site is optimized with the Yoast SEO plugin v27.4 - https:\/\/yoast.com\/product\/yoast-seo-wordpress\/ -->\n<title>Betriebliche Ersthelfer der Firma Pfefferkorn &amp; Co GmbH geschult<\/title>\n<meta name=\"description\" content=\"Erste Hilfe gro\u00df geschrieben - Ersthelfer-Schulung mit erfreulich vielen neuen Ersthelfern im Kreis der Pfefferk\u00f6rner\" \/>\n<meta name=\"robots\" content=\"index, follow, max-snippet:-1, max-image-preview:large, max-video-preview:-1\" \/>\n<link rel=\"canonical\" href=\"https:\/\/verschluss.de\/en\/pfefferkorn\/erste_hilfe_blog\/\" \/>\n<meta property=\"og:locale\" content=\"en_GB\" \/>\n<meta property=\"og:type\" content=\"article\" \/>\n<meta property=\"og:title\" content=\"Betriebliche Ersthelfer der Firma Pfefferkorn &amp; Co GmbH geschult\" \/>\n<meta property=\"og:description\" content=\"Erste Hilfe gro\u00df geschrieben - Ersthelfer-Schulung mit erfreulich vielen neuen Ersthelfern im Kreis der Pfefferk\u00f6rner\" \/>\n<meta property=\"og:url\" content=\"https:\/\/verschluss.de\/en\/pfefferkorn\/erste_hilfe_blog\/\" \/>\n<meta property=\"og:site_name\" content=\"Verschluss.de\" \/>\n<meta property=\"article:published_time\" content=\"2022-09-21T02:00:00+00:00\" \/>\n<meta property=\"og:image\" content=\"https:\/\/verschluss.de\/wp-content\/uploads\/2022\/09\/2022-09-21-Tag-der-Ersten-Hilfe.jpg\" \/>\n\t<meta property=\"og:image:width\" content=\"1920\" \/>\n\t<meta property=\"og:image:height\" content=\"1280\" \/>\n\t<meta property=\"og:image:type\" content=\"image\/jpeg\" \/>\n<meta name=\"author\" content=\"Bianka Teinze\" \/>\n<meta name=\"twitter:card\" content=\"summary_large_image\" \/>\n<meta name=\"twitter:label1\" content=\"Written by\" \/>\n\t<meta name=\"twitter:data1\" content=\"Bianka Teinze\" \/>\n\t<meta name=\"twitter:label2\" content=\"Estimated reading time\" \/>\n\t<meta name=\"twitter:data2\" content=\"2 minutes\" \/>\n<script type=\"application\/ld+json\" class=\"yoast-schema-graph\">{\"@context\":\"https:\\\/\\\/schema.org\",\"@graph\":[{\"@type\":\"Article\",\"@id\":\"https:\\\/\\\/verschluss.de\\\/pfefferkorn\\\/erste_hilfe_blog\\\/#article\",\"isPartOf\":{\"@id\":\"https:\\\/\\\/verschluss.de\\\/pfefferkorn\\\/erste_hilfe_blog\\\/\"},\"author\":{\"name\":\"Bianka Teinze\",\"@id\":\"https:\\\/\\\/verschluss.de\\\/#\\\/schema\\\/person\\\/87d2c259dcb40033e79c398b6682e8a3\"},\"headline\":\"Tag der Ersten Hilfe\",\"datePublished\":\"2022-09-21T02:00:00+00:00\",\"mainEntityOfPage\":{\"@id\":\"https:\\\/\\\/verschluss.de\\\/pfefferkorn\\\/erste_hilfe_blog\\\/\"},\"wordCount\":288,\"commentCount\":0,\"articleSection\":[\"Pfefferkorn\"],\"inLanguage\":\"en-GB\",\"potentialAction\":[{\"@type\":\"CommentAction\",\"name\":\"Comment\",\"target\":[\"https:\\\/\\\/verschluss.de\\\/pfefferkorn\\\/erste_hilfe_blog\\\/#respond\"]}]},{\"@type\":\"WebPage\",\"@id\":\"https:\\\/\\\/verschluss.de\\\/pfefferkorn\\\/erste_hilfe_blog\\\/\",\"url\":\"https:\\\/\\\/verschluss.de\\\/pfefferkorn\\\/erste_hilfe_blog\\\/\",\"name\":\"Betriebliche Ersthelfer der Firma Pfefferkorn & Co GmbH geschult\",\"isPartOf\":{\"@id\":\"https:\\\/\\\/verschluss.de\\\/#website\"},\"datePublished\":\"2022-09-21T02:00:00+00:00\",\"author\":{\"@id\":\"https:\\\/\\\/verschluss.de\\\/#\\\/schema\\\/person\\\/87d2c259dcb40033e79c398b6682e8a3\"},\"description\":\"Erste Hilfe gro\u00df geschrieben - Ersthelfer-Schulung mit erfreulich vielen neuen Ersthelfern im Kreis der Pfefferk\u00f6rner\",\"breadcrumb\":{\"@id\":\"https:\\\/\\\/verschluss.de\\\/pfefferkorn\\\/erste_hilfe_blog\\\/#breadcrumb\"},\"inLanguage\":\"en-GB\",\"potentialAction\":[{\"@type\":\"ReadAction\",\"target\":[\"https:\\\/\\\/verschluss.de\\\/pfefferkorn\\\/erste_hilfe_blog\\\/\"]}]},{\"@type\":\"BreadcrumbList\",\"@id\":\"https:\\\/\\\/verschluss.de\\\/pfefferkorn\\\/erste_hilfe_blog\\\/#breadcrumb\",\"itemListElement\":[{\"@type\":\"ListItem\",\"position\":1,\"name\":\"Startseite\",\"item\":\"https:\\\/\\\/verschluss.de\\\/\"},{\"@type\":\"ListItem\",\"position\":2,\"name\":\"Tag der Ersten Hilfe\"}]},{\"@type\":\"WebSite\",\"@id\":\"https:\\\/\\\/verschluss.de\\\/#website\",\"url\":\"https:\\\/\\\/verschluss.de\\\/\",\"name\":\"Verschluss.de\",\"description\":\"Wir entwickeln und realisieren Ihre Visionen in der Welt der Thermoplaste\",\"potentialAction\":[{\"@type\":\"SearchAction\",\"target\":{\"@type\":\"EntryPoint\",\"urlTemplate\":\"https:\\\/\\\/verschluss.de\\\/?s={search_term_string}\"},\"query-input\":{\"@type\":\"PropertyValueSpecification\",\"valueRequired\":true,\"valueName\":\"search_term_string\"}}],\"inLanguage\":\"en-GB\"},{\"@type\":\"Person\",\"@id\":\"https:\\\/\\\/verschluss.de\\\/#\\\/schema\\\/person\\\/87d2c259dcb40033e79c398b6682e8a3\",\"name\":\"Bianka Teinze\",\"image\":{\"@type\":\"ImageObject\",\"inLanguage\":\"en-GB\",\"@id\":\"https:\\\/\\\/secure.gravatar.com\\\/avatar\\\/c0d8b52e710e03a2416019ddedca06b038a3bf745c9b4ccb1e9f8c355e76be7f?s=96&d=mm&r=g\",\"url\":\"https:\\\/\\\/secure.gravatar.com\\\/avatar\\\/c0d8b52e710e03a2416019ddedca06b038a3bf745c9b4ccb1e9f8c355e76be7f?s=96&d=mm&r=g\",\"contentUrl\":\"https:\\\/\\\/secure.gravatar.com\\\/avatar\\\/c0d8b52e710e03a2416019ddedca06b038a3bf745c9b4ccb1e9f8c355e76be7f?s=96&d=mm&r=g\",\"caption\":\"Bianka Teinze\"},\"sameAs\":[\"https:\\\/\\\/verschluss.de\\\/\"],\"url\":\"https:\\\/\\\/verschluss.de\\\/en\\\/author\\\/biankateinze\\\/\"}]}<\/script>\n<!-- \/ Yoast SEO plugin. -->","yoast_head_json":{"title":"Betriebliche Ersthelfer der Firma Pfefferkorn & Co GmbH geschult","description":"Erste Hilfe gro\u00df geschrieben - Ersthelfer-Schulung mit erfreulich vielen neuen Ersthelfern im Kreis der Pfefferk\u00f6rner","robots":{"index":"index","follow":"follow","max-snippet":"max-snippet:-1","max-image-preview":"max-image-preview:large","max-video-preview":"max-video-preview:-1"},"canonical":"https:\/\/verschluss.de\/en\/pfefferkorn\/erste_hilfe_blog\/","og_locale":"en_GB","og_type":"article","og_title":"Betriebliche Ersthelfer der Firma Pfefferkorn & Co GmbH geschult","og_description":"Erste Hilfe gro\u00df geschrieben - Ersthelfer-Schulung mit erfreulich vielen neuen Ersthelfern im Kreis der Pfefferk\u00f6rner","og_url":"https:\/\/verschluss.de\/en\/pfefferkorn\/erste_hilfe_blog\/","og_site_name":"Verschluss.de","article_published_time":"2022-09-21T02:00:00+00:00","og_image":[{"width":1920,"height":1280,"url":"https:\/\/verschluss.de\/wp-content\/uploads\/2022\/09\/2022-09-21-Tag-der-Ersten-Hilfe.jpg","type":"image\/jpeg"}],"author":"Bianka Teinze","twitter_card":"summary_large_image","twitter_misc":{"Written by":"Bianka Teinze","Estimated reading time":"2 minutes"},"schema":{"@context":"https:\/\/schema.org","@graph":[{"@type":"Article","@id":"https:\/\/verschluss.de\/pfefferkorn\/erste_hilfe_blog\/#article","isPartOf":{"@id":"https:\/\/verschluss.de\/pfefferkorn\/erste_hilfe_blog\/"},"author":{"name":"Bianka Teinze","@id":"https:\/\/verschluss.de\/#\/schema\/person\/87d2c259dcb40033e79c398b6682e8a3"},"headline":"Tag der Ersten Hilfe","datePublished":"2022-09-21T02:00:00+00:00","mainEntityOfPage":{"@id":"https:\/\/verschluss.de\/pfefferkorn\/erste_hilfe_blog\/"},"wordCount":288,"commentCount":0,"articleSection":["Pfefferkorn"],"inLanguage":"en-GB","potentialAction":[{"@type":"CommentAction","name":"Comment","target":["https:\/\/verschluss.de\/pfefferkorn\/erste_hilfe_blog\/#respond"]}]},{"@type":"WebPage","@id":"https:\/\/verschluss.de\/pfefferkorn\/erste_hilfe_blog\/","url":"https:\/\/verschluss.de\/pfefferkorn\/erste_hilfe_blog\/","name":"Betriebliche Ersthelfer der Firma Pfefferkorn & Co GmbH geschult","isPartOf":{"@id":"https:\/\/verschluss.de\/#website"},"datePublished":"2022-09-21T02:00:00+00:00","author":{"@id":"https:\/\/verschluss.de\/#\/schema\/person\/87d2c259dcb40033e79c398b6682e8a3"},"description":"Erste Hilfe gro\u00df geschrieben - Ersthelfer-Schulung mit erfreulich vielen neuen Ersthelfern im Kreis der Pfefferk\u00f6rner","breadcrumb":{"@id":"https:\/\/verschluss.de\/pfefferkorn\/erste_hilfe_blog\/#breadcrumb"},"inLanguage":"en-GB","potentialAction":[{"@type":"ReadAction","target":["https:\/\/verschluss.de\/pfefferkorn\/erste_hilfe_blog\/"]}]},{"@type":"BreadcrumbList","@id":"https:\/\/verschluss.de\/pfefferkorn\/erste_hilfe_blog\/#breadcrumb","itemListElement":[{"@type":"ListItem","position":1,"name":"Startseite","item":"https:\/\/verschluss.de\/"},{"@type":"ListItem","position":2,"name":"Tag der Ersten Hilfe"}]},{"@type":"WebSite","@id":"https:\/\/verschluss.de\/#website","url":"https:\/\/verschluss.de\/","name":"Verschluss.de","description":"Wir entwickeln und realisieren Ihre Visionen in der Welt der Thermoplaste","potentialAction":[{"@type":"SearchAction","target":{"@type":"EntryPoint","urlTemplate":"https:\/\/verschluss.de\/?s={search_term_string}"},"query-input":{"@type":"PropertyValueSpecification","valueRequired":true,"valueName":"search_term_string"}}],"inLanguage":"en-GB"},{"@type":"Person","@id":"https:\/\/verschluss.de\/#\/schema\/person\/87d2c259dcb40033e79c398b6682e8a3","name":"Bianka Teinze","image":{"@type":"ImageObject","inLanguage":"en-GB","@id":"https:\/\/secure.gravatar.com\/avatar\/c0d8b52e710e03a2416019ddedca06b038a3bf745c9b4ccb1e9f8c355e76be7f?s=96&d=mm&r=g","url":"https:\/\/secure.gravatar.com\/avatar\/c0d8b52e710e03a2416019ddedca06b038a3bf745c9b4ccb1e9f8c355e76be7f?s=96&d=mm&r=g","contentUrl":"https:\/\/secure.gravatar.com\/avatar\/c0d8b52e710e03a2416019ddedca06b038a3bf745c9b4ccb1e9f8c355e76be7f?s=96&d=mm&r=g","caption":"Bianka Teinze"},"sameAs":["https:\/\/verschluss.de\/"],"url":"https:\/\/verschluss.de\/en\/author\/biankateinze\/"}]}},"_links":{"self":[{"href":"https:\/\/verschluss.de\/en\/wp-json\/wp\/v2\/posts\/10400","targetHints":{"allow":["GET"]}}],"collection":[{"href":"https:\/\/verschluss.de\/en\/wp-json\/wp\/v2\/posts"}],"about":[{"href":"https:\/\/verschluss.de\/en\/wp-json\/wp\/v2\/types\/post"}],"author":[{"embeddable":true,"href":"https:\/\/verschluss.de\/en\/wp-json\/wp\/v2\/users\/5"}],"replies":[{"embeddable":true,"href":"https:\/\/verschluss.de\/en\/wp-json\/wp\/v2\/comments?post=10400"}],"version-history":[{"count":8,"href":"https:\/\/verschluss.de\/en\/wp-json\/wp\/v2\/posts\/10400\/revisions"}],"predecessor-version":[{"id":10409,"href":"https:\/\/verschluss.de\/en\/wp-json\/wp\/v2\/posts\/10400\/revisions\/10409"}],"wp:attachment":[{"href":"https:\/\/verschluss.de\/en\/wp-json\/wp\/v2\/media?parent=10400"}],"wp:term":[{"taxonomy":"category","embeddable":true,"href":"https:\/\/verschluss.de\/en\/wp-json\/wp\/v2\/categories?post=10400"},{"taxonomy":"post_tag","embeddable":true,"href":"https:\/\/verschluss.de\/en\/wp-json\/wp\/v2\/tags?post=10400"}],"curies":[{"name":"wp","href":"https:\/\/api.w.org\/{rel}","templated":true}]}}