{"id":10411,"date":"2022-09-28T04:00:00","date_gmt":"2022-09-28T02:00:00","guid":{"rendered":"http:\/\/verschluss.de\/?p=10411"},"modified":"2022-09-27T08:55:05","modified_gmt":"2022-09-27T06:55:05","slug":"pvanlage_blog","status":"publish","type":"post","link":"https:\/\/verschluss.de\/en\/pfefferkorn\/pvanlage_blog\/","title":{"rendered":"Saubere Energie"},"content":{"rendered":"<div data-elementor-type=\"wp-post\" data-elementor-id=\"10411\" class=\"elementor elementor-10411\" data-elementor-post-type=\"post\">\n\t\t\t\t\t\t<section class=\"elementor-section elementor-top-section elementor-element elementor-element-0cbdc0e elementor-section-boxed elementor-section-height-default elementor-section-height-default\" data-id=\"0cbdc0e\" data-element_type=\"section\" data-e-type=\"section\" data-settings=\"{&quot;jet_parallax_layout_list&quot;:[]}\">\n\t\t\t\t\t\t<div class=\"elementor-container elementor-column-gap-default\">\n\t\t\t\t\t<div class=\"elementor-column elementor-col-100 elementor-top-column elementor-element elementor-element-66590e1\" data-id=\"66590e1\" data-element_type=\"column\" data-e-type=\"column\">\n\t\t\t<div class=\"elementor-widget-wrap elementor-element-populated\">\n\t\t\t\t\t\t<div class=\"elementor-element elementor-element-c374a4f elementor-widget elementor-widget-text-editor\" data-id=\"c374a4f\" data-element_type=\"widget\" data-e-type=\"widget\" data-widget_type=\"text-editor.default\">\n\t\t\t\t<div class=\"elementor-widget-container\">\n\t\t\t\t\t\t\t\t\t<p>Die Pfefferkorn-Gesch\u00e4ftsf\u00fchrer Ralf Gabler und Christian Silva freuen sich \u00fcber die Inbetriebnahme der neuen Photovoltaik-Anlage. \u201eDurch diese Anlage, bestehend aus \u00fcber 2.200 Modulen und mit einer Nennleistung von 749 KWp, k\u00f6nnen wir rund 450.000 KWh in unseren Geb\u00e4uden direkt nutzen und zudem noch ca. 210.000 KWh ins \u00f6ffentliche Netz einspeisen. Damit leisten wir einen wichtigen Beitrag zum Umweltschutz\u201c, so Gabler.<\/p><p>Die Pfefferkorn-F\u00fchrungsebene ist sich ihrer Verantwortung unserer Umwelt gegen\u00fcber bewusst und steuert ihren Teil dazu bei. Daher ist man mittlerweile auf E-Autos umgestiegen, zwei Ladestationen wurden bereits auf dem Firmengel\u00e4nde errichtet.<\/p><p><strong>Seit 2020 wurden au\u00dferdem vier neue Maschinen gekauft, die den Energie- und Ressourcenverbrauch ma\u00dfgeblich reduzieren \u2013 und damit auch den CO<sub>2<\/sub>-Ausstoss.<\/strong><\/p>\t\t\t\t\t\t\t\t<\/div>\n\t\t\t\t<\/div>\n\t\t\t\t\t<\/div>\n\t\t<\/div>\n\t\t\t\t\t<\/div>\n\t\t<\/section>\n\t\t\t\t<section class=\"elementor-section elementor-top-section elementor-element elementor-element-b51c1ea elementor-section-boxed elementor-section-height-default elementor-section-height-default\" data-id=\"b51c1ea\" data-element_type=\"section\" data-e-type=\"section\" data-settings=\"{&quot;jet_parallax_layout_list&quot;:[]}\">\n\t\t\t\t\t\t<div class=\"elementor-container elementor-column-gap-default\">\n\t\t\t\t\t<div class=\"elementor-column elementor-col-20 elementor-top-column elementor-element elementor-element-b4e8581\" data-id=\"b4e8581\" data-element_type=\"column\" data-e-type=\"column\">\n\t\t\t<div class=\"elementor-widget-wrap\">\n\t\t\t\t\t\t\t<\/div>\n\t\t<\/div>\n\t\t\t\t<div class=\"elementor-column elementor-col-20 elementor-top-column elementor-element elementor-element-d14621e\" data-id=\"d14621e\" data-element_type=\"column\" data-e-type=\"column\">\n\t\t\t<div class=\"elementor-widget-wrap elementor-element-populated\">\n\t\t\t\t\t\t<div class=\"elementor-element elementor-element-7f273eb elementor-widget elementor-widget-button\" data-id=\"7f273eb\" data-element_type=\"widget\" data-e-type=\"widget\" data-widget_type=\"button.default\">\n\t\t\t\t<div class=\"elementor-widget-container\">\n\t\t\t\t\t\t\t\t\t<div class=\"elementor-button-wrapper\">\n\t\t\t\t\t<a class=\"elementor-button elementor-button-link elementor-size-sm\" href=\"http:\/\/verschluss.de\/en\/pfefferkorn\/erweiterung\/%20\/\" target=\"_blank\">\n\t\t\t\t\t\t<span class=\"elementor-button-content-wrapper\">\n\t\t\t\t\t\t\t\t\t<span class=\"elementor-button-text\">Erweiterung<\/span>\n\t\t\t\t\t<\/span>\n\t\t\t\t\t<\/a>\n\t\t\t\t<\/div>\n\t\t\t\t\t\t\t\t<\/div>\n\t\t\t\t<\/div>\n\t\t\t\t\t<\/div>\n\t\t<\/div>\n\t\t\t\t<div class=\"elementor-column elementor-col-20 elementor-top-column elementor-element elementor-element-7da3bc9\" data-id=\"7da3bc9\" data-element_type=\"column\" data-e-type=\"column\">\n\t\t\t<div class=\"elementor-widget-wrap elementor-element-populated\">\n\t\t\t\t\t\t<div class=\"elementor-element elementor-element-dd406b0 elementor-widget elementor-widget-button\" data-id=\"dd406b0\" data-element_type=\"widget\" data-e-type=\"widget\" data-widget_type=\"button.default\">\n\t\t\t\t<div class=\"elementor-widget-container\">\n\t\t\t\t\t\t\t\t\t<div class=\"elementor-button-wrapper\">\n\t\t\t\t\t<a class=\"elementor-button elementor-button-link elementor-size-sm\" href=\"http:\/\/verschluss.de\/en\/pfefferkorn\/erweiterung2\/%20\/\" target=\"_blank\">\n\t\t\t\t\t\t<span class=\"elementor-button-content-wrapper\">\n\t\t\t\t\t\t\t\t\t<span class=\"elementor-button-text\">Erweiterung 2.0<\/span>\n\t\t\t\t\t<\/span>\n\t\t\t\t\t<\/a>\n\t\t\t\t<\/div>\n\t\t\t\t\t\t\t\t<\/div>\n\t\t\t\t<\/div>\n\t\t\t\t\t<\/div>\n\t\t<\/div>\n\t\t\t\t<div class=\"elementor-column elementor-col-20 elementor-top-column elementor-element elementor-element-91f4d42\" data-id=\"91f4d42\" data-element_type=\"column\" data-e-type=\"column\">\n\t\t\t<div class=\"elementor-widget-wrap elementor-element-populated\">\n\t\t\t\t\t\t<div class=\"elementor-element elementor-element-0cd06a5 elementor-widget elementor-widget-button\" data-id=\"0cd06a5\" data-element_type=\"widget\" data-e-type=\"widget\" data-widget_type=\"button.default\">\n\t\t\t\t<div class=\"elementor-widget-container\">\n\t\t\t\t\t\t\t\t\t<div class=\"elementor-button-wrapper\">\n\t\t\t\t\t<a class=\"elementor-button elementor-button-link elementor-size-sm\" href=\"http:\/\/verschluss.de\/en\/pfefferkorn\/erweiterung3\/%20\/\" target=\"_blank\">\n\t\t\t\t\t\t<span class=\"elementor-button-content-wrapper\">\n\t\t\t\t\t\t\t\t\t<span class=\"elementor-button-text\">Erweiterung 3.0<\/span>\n\t\t\t\t\t<\/span>\n\t\t\t\t\t<\/a>\n\t\t\t\t<\/div>\n\t\t\t\t\t\t\t\t<\/div>\n\t\t\t\t<\/div>\n\t\t\t\t\t<\/div>\n\t\t<\/div>\n\t\t\t\t<div class=\"elementor-column elementor-col-20 elementor-top-column elementor-element elementor-element-b5f80a5\" data-id=\"b5f80a5\" data-element_type=\"column\" data-e-type=\"column\">\n\t\t\t<div class=\"elementor-widget-wrap\">\n\t\t\t\t\t\t\t<\/div>\n\t\t<\/div>\n\t\t\t\t\t<\/div>\n\t\t<\/section>\n\t\t\t\t<section class=\"elementor-section elementor-top-section elementor-element elementor-element-97aa8a8 elementor-section-boxed elementor-section-height-default elementor-section-height-default\" data-id=\"97aa8a8\" data-element_type=\"section\" data-e-type=\"section\" data-settings=\"{&quot;jet_parallax_layout_list&quot;:[]}\">\n\t\t\t\t\t\t<div class=\"elementor-container elementor-column-gap-default\">\n\t\t\t\t\t<div class=\"elementor-column elementor-col-100 elementor-top-column elementor-element elementor-element-80a3a67\" data-id=\"80a3a67\" data-element_type=\"column\" data-e-type=\"column\">\n\t\t\t<div class=\"elementor-widget-wrap elementor-element-populated\">\n\t\t\t\t\t\t<div class=\"elementor-element elementor-element-ef680cc elementor-widget elementor-widget-text-editor\" data-id=\"ef680cc\" data-element_type=\"widget\" data-e-type=\"widget\" data-widget_type=\"text-editor.default\">\n\t\t\t\t<div class=\"elementor-widget-container\">\n\t\t\t\t\t\t\t\t\t<p>Eine Photovoltaik-Anlage ist die logische Konsequenz im Bem\u00fchen, einen Beitrag zum Umweltschutz zu leisten.\u00a0 Seit den 1990er-Jahren ist der Anteil fossiler Energietr\u00e4ger in Deutschland um rund die H\u00e4lfte geschrumpft, dank entsprechend gef\u00f6rderter regenerativer Energiequellen wie Wind, Wasser und Sonne. Nach Angabe des Bundesministeriums f\u00fcr Wirtschaft und Energie stieg der Anteil der erneuerbaren Energien von ca. 6% (2000) auf 46 % im Jahre 2020. Der richtige Weg \u2013 der jetzt weiter beschritten werden muss.<\/p><p>Wir freuen uns, hiermit unseren Teil zur umweltgerechten Energiegewinnung beitragen zu k\u00f6nnen.<\/p>\t\t\t\t\t\t\t\t<\/div>\n\t\t\t\t<\/div>\n\t\t\t\t\t<\/div>\n\t\t<\/div>\n\t\t\t\t\t<\/div>\n\t\t<\/section>\n\t\t\t\t<\/div>","protected":false},"excerpt":{"rendered":"<p>Der n\u00e4chste konsequente Schritt f\u00fcr unsere Umwelt: Photovoltaik-Anlage in Betrieb genommen  <\/p>","protected":false},"author":5,"featured_media":0,"comment_status":"open","ping_status":"open","sticky":false,"template":"","format":"standard","meta":{"site-sidebar-layout":"default","site-content-layout":"","ast-site-content-layout":"default","site-content-style":"default","site-sidebar-style":"default","ast-global-header-display":"","ast-banner-title-visibility":"","ast-main-header-display":"","ast-hfb-above-header-display":"","ast-hfb-below-header-display":"","ast-hfb-mobile-header-display":"","site-post-title":"","ast-breadcrumbs-content":"","ast-featured-img":"","footer-sml-layout":"","ast-disable-related-posts":"","theme-transparent-header-meta":"","adv-header-id-meta":"","stick-header-meta":"","header-above-stick-meta":"","header-main-stick-meta":"","header-below-stick-meta":"","astra-migrate-meta-layouts":"default","ast-page-background-enabled":"default","ast-page-background-meta":{"desktop":{"background-color":"var(--ast-global-color-4)","background-image":"","background-repeat":"repeat","background-position":"center center","background-size":"auto","background-attachment":"scroll","background-type":"","background-media":"","overlay-type":"","overlay-color":"","overlay-opacity":"","overlay-gradient":""},"tablet":{"background-color":"","background-image":"","background-repeat":"repeat","background-position":"center center","background-size":"auto","background-attachment":"scroll","background-type":"","background-media":"","overlay-type":"","overlay-color":"","overlay-opacity":"","overlay-gradient":""},"mobile":{"background-color":"","background-image":"","background-repeat":"repeat","background-position":"center center","background-size":"auto","background-attachment":"scroll","background-type":"","background-media":"","overlay-type":"","overlay-color":"","overlay-opacity":"","overlay-gradient":""}},"ast-content-background-meta":{"desktop":{"background-color":"var(--ast-global-color-5)","background-image":"","background-repeat":"repeat","background-position":"center center","background-size":"auto","background-attachment":"scroll","background-type":"","background-media":"","overlay-type":"","overlay-color":"","overlay-opacity":"","overlay-gradient":""},"tablet":{"background-color":"var(--ast-global-color-5)","background-image":"","background-repeat":"repeat","background-position":"center center","background-size":"auto","background-attachment":"scroll","background-type":"","background-media":"","overlay-type":"","overlay-color":"","overlay-opacity":"","overlay-gradient":""},"mobile":{"background-color":"var(--ast-global-color-5)","background-image":"","background-repeat":"repeat","background-position":"center center","background-size":"auto","background-attachment":"scroll","background-type":"","background-media":"","overlay-type":"","overlay-color":"","overlay-opacity":"","overlay-gradient":""}},"footnotes":""},"categories":[8],"tags":[],"class_list":["post-10411","post","type-post","status-publish","format-standard","hentry","category-pfefferkorn"],"yoast_head":"<!-- This site is optimized with the Yoast SEO plugin v27.4 - https:\/\/yoast.com\/product\/yoast-seo-wordpress\/ -->\n<title>Pfefferkorn nimmt Photovoltaik-Anlage in Betrieb<\/title>\n<meta name=\"description\" content=\"Die Pfefferkorn-F\u00fchrungsebene ist sich ihrer Verantwortung unserer Umwelt gegen\u00fcber bewusst und steuert ihren Teil dazu bei.\" \/>\n<meta name=\"robots\" content=\"index, follow, max-snippet:-1, max-image-preview:large, max-video-preview:-1\" \/>\n<link rel=\"canonical\" href=\"https:\/\/verschluss.de\/en\/pfefferkorn\/pvanlage_blog\/\" \/>\n<meta property=\"og:locale\" content=\"en_GB\" \/>\n<meta property=\"og:type\" content=\"article\" \/>\n<meta property=\"og:title\" content=\"Pfefferkorn nimmt Photovoltaik-Anlage in Betrieb\" \/>\n<meta property=\"og:description\" content=\"Die Pfefferkorn-F\u00fchrungsebene ist sich ihrer Verantwortung unserer Umwelt gegen\u00fcber bewusst und steuert ihren Teil dazu bei.\" \/>\n<meta property=\"og:url\" content=\"https:\/\/verschluss.de\/en\/pfefferkorn\/pvanlage_blog\/\" \/>\n<meta property=\"og:site_name\" content=\"Verschluss.de\" \/>\n<meta property=\"article:published_time\" content=\"2022-09-28T02:00:00+00:00\" \/>\n<meta property=\"og:image\" content=\"https:\/\/verschluss.de\/wp-content\/uploads\/2022\/09\/PV-Anlage-Pfefferkorn-DJI_0215.JPG-scaled.jpg\" \/>\n\t<meta property=\"og:image:width\" content=\"2560\" \/>\n\t<meta property=\"og:image:height\" content=\"1440\" \/>\n\t<meta property=\"og:image:type\" content=\"image\/jpeg\" \/>\n<meta name=\"author\" content=\"Bianka Teinze\" \/>\n<meta name=\"twitter:card\" content=\"summary_large_image\" \/>\n<meta name=\"twitter:label1\" content=\"Written by\" \/>\n\t<meta name=\"twitter:data1\" content=\"Bianka Teinze\" \/>\n\t<meta name=\"twitter:label2\" content=\"Estimated reading time\" \/>\n\t<meta name=\"twitter:data2\" content=\"2 minutes\" \/>\n<script type=\"application\/ld+json\" class=\"yoast-schema-graph\">{\"@context\":\"https:\\\/\\\/schema.org\",\"@graph\":[{\"@type\":\"Article\",\"@id\":\"https:\\\/\\\/verschluss.de\\\/pfefferkorn\\\/pvanlage_blog\\\/#article\",\"isPartOf\":{\"@id\":\"https:\\\/\\\/verschluss.de\\\/pfefferkorn\\\/pvanlage_blog\\\/\"},\"author\":{\"name\":\"Bianka Teinze\",\"@id\":\"https:\\\/\\\/verschluss.de\\\/#\\\/schema\\\/person\\\/87d2c259dcb40033e79c398b6682e8a3\"},\"headline\":\"Saubere Energie\",\"datePublished\":\"2022-09-28T02:00:00+00:00\",\"mainEntityOfPage\":{\"@id\":\"https:\\\/\\\/verschluss.de\\\/pfefferkorn\\\/pvanlage_blog\\\/\"},\"wordCount\":207,\"commentCount\":0,\"articleSection\":[\"Pfefferkorn\"],\"inLanguage\":\"en-GB\",\"potentialAction\":[{\"@type\":\"CommentAction\",\"name\":\"Comment\",\"target\":[\"https:\\\/\\\/verschluss.de\\\/pfefferkorn\\\/pvanlage_blog\\\/#respond\"]}]},{\"@type\":\"WebPage\",\"@id\":\"https:\\\/\\\/verschluss.de\\\/pfefferkorn\\\/pvanlage_blog\\\/\",\"url\":\"https:\\\/\\\/verschluss.de\\\/pfefferkorn\\\/pvanlage_blog\\\/\",\"name\":\"Pfefferkorn nimmt Photovoltaik-Anlage in Betrieb\",\"isPartOf\":{\"@id\":\"https:\\\/\\\/verschluss.de\\\/#website\"},\"datePublished\":\"2022-09-28T02:00:00+00:00\",\"author\":{\"@id\":\"https:\\\/\\\/verschluss.de\\\/#\\\/schema\\\/person\\\/87d2c259dcb40033e79c398b6682e8a3\"},\"description\":\"Die Pfefferkorn-F\u00fchrungsebene ist sich ihrer Verantwortung unserer Umwelt gegen\u00fcber bewusst und steuert ihren Teil dazu bei.\",\"breadcrumb\":{\"@id\":\"https:\\\/\\\/verschluss.de\\\/pfefferkorn\\\/pvanlage_blog\\\/#breadcrumb\"},\"inLanguage\":\"en-GB\",\"potentialAction\":[{\"@type\":\"ReadAction\",\"target\":[\"https:\\\/\\\/verschluss.de\\\/pfefferkorn\\\/pvanlage_blog\\\/\"]}]},{\"@type\":\"BreadcrumbList\",\"@id\":\"https:\\\/\\\/verschluss.de\\\/pfefferkorn\\\/pvanlage_blog\\\/#breadcrumb\",\"itemListElement\":[{\"@type\":\"ListItem\",\"position\":1,\"name\":\"Startseite\",\"item\":\"https:\\\/\\\/verschluss.de\\\/\"},{\"@type\":\"ListItem\",\"position\":2,\"name\":\"Saubere Energie\"}]},{\"@type\":\"WebSite\",\"@id\":\"https:\\\/\\\/verschluss.de\\\/#website\",\"url\":\"https:\\\/\\\/verschluss.de\\\/\",\"name\":\"Verschluss.de\",\"description\":\"Wir entwickeln und realisieren Ihre Visionen in der Welt der Thermoplaste\",\"potentialAction\":[{\"@type\":\"SearchAction\",\"target\":{\"@type\":\"EntryPoint\",\"urlTemplate\":\"https:\\\/\\\/verschluss.de\\\/?s={search_term_string}\"},\"query-input\":{\"@type\":\"PropertyValueSpecification\",\"valueRequired\":true,\"valueName\":\"search_term_string\"}}],\"inLanguage\":\"en-GB\"},{\"@type\":\"Person\",\"@id\":\"https:\\\/\\\/verschluss.de\\\/#\\\/schema\\\/person\\\/87d2c259dcb40033e79c398b6682e8a3\",\"name\":\"Bianka Teinze\",\"image\":{\"@type\":\"ImageObject\",\"inLanguage\":\"en-GB\",\"@id\":\"https:\\\/\\\/secure.gravatar.com\\\/avatar\\\/c0d8b52e710e03a2416019ddedca06b038a3bf745c9b4ccb1e9f8c355e76be7f?s=96&d=mm&r=g\",\"url\":\"https:\\\/\\\/secure.gravatar.com\\\/avatar\\\/c0d8b52e710e03a2416019ddedca06b038a3bf745c9b4ccb1e9f8c355e76be7f?s=96&d=mm&r=g\",\"contentUrl\":\"https:\\\/\\\/secure.gravatar.com\\\/avatar\\\/c0d8b52e710e03a2416019ddedca06b038a3bf745c9b4ccb1e9f8c355e76be7f?s=96&d=mm&r=g\",\"caption\":\"Bianka Teinze\"},\"sameAs\":[\"https:\\\/\\\/verschluss.de\\\/\"],\"url\":\"https:\\\/\\\/verschluss.de\\\/en\\\/author\\\/biankateinze\\\/\"}]}<\/script>\n<!-- \/ Yoast SEO plugin. -->","yoast_head_json":{"title":"Pfefferkorn nimmt Photovoltaik-Anlage in Betrieb","description":"Die Pfefferkorn-F\u00fchrungsebene ist sich ihrer Verantwortung unserer Umwelt gegen\u00fcber bewusst und steuert ihren Teil dazu bei.","robots":{"index":"index","follow":"follow","max-snippet":"max-snippet:-1","max-image-preview":"max-image-preview:large","max-video-preview":"max-video-preview:-1"},"canonical":"https:\/\/verschluss.de\/en\/pfefferkorn\/pvanlage_blog\/","og_locale":"en_GB","og_type":"article","og_title":"Pfefferkorn nimmt Photovoltaik-Anlage in Betrieb","og_description":"Die Pfefferkorn-F\u00fchrungsebene ist sich ihrer Verantwortung unserer Umwelt gegen\u00fcber bewusst und steuert ihren Teil dazu bei.","og_url":"https:\/\/verschluss.de\/en\/pfefferkorn\/pvanlage_blog\/","og_site_name":"Verschluss.de","article_published_time":"2022-09-28T02:00:00+00:00","og_image":[{"width":2560,"height":1440,"url":"https:\/\/verschluss.de\/wp-content\/uploads\/2022\/09\/PV-Anlage-Pfefferkorn-DJI_0215.JPG-scaled.jpg","type":"image\/jpeg"}],"author":"Bianka Teinze","twitter_card":"summary_large_image","twitter_misc":{"Written by":"Bianka Teinze","Estimated reading time":"2 minutes"},"schema":{"@context":"https:\/\/schema.org","@graph":[{"@type":"Article","@id":"https:\/\/verschluss.de\/pfefferkorn\/pvanlage_blog\/#article","isPartOf":{"@id":"https:\/\/verschluss.de\/pfefferkorn\/pvanlage_blog\/"},"author":{"name":"Bianka Teinze","@id":"https:\/\/verschluss.de\/#\/schema\/person\/87d2c259dcb40033e79c398b6682e8a3"},"headline":"Saubere Energie","datePublished":"2022-09-28T02:00:00+00:00","mainEntityOfPage":{"@id":"https:\/\/verschluss.de\/pfefferkorn\/pvanlage_blog\/"},"wordCount":207,"commentCount":0,"articleSection":["Pfefferkorn"],"inLanguage":"en-GB","potentialAction":[{"@type":"CommentAction","name":"Comment","target":["https:\/\/verschluss.de\/pfefferkorn\/pvanlage_blog\/#respond"]}]},{"@type":"WebPage","@id":"https:\/\/verschluss.de\/pfefferkorn\/pvanlage_blog\/","url":"https:\/\/verschluss.de\/pfefferkorn\/pvanlage_blog\/","name":"Pfefferkorn nimmt Photovoltaik-Anlage in Betrieb","isPartOf":{"@id":"https:\/\/verschluss.de\/#website"},"datePublished":"2022-09-28T02:00:00+00:00","author":{"@id":"https:\/\/verschluss.de\/#\/schema\/person\/87d2c259dcb40033e79c398b6682e8a3"},"description":"Die Pfefferkorn-F\u00fchrungsebene ist sich ihrer Verantwortung unserer Umwelt gegen\u00fcber bewusst und steuert ihren Teil dazu bei.","breadcrumb":{"@id":"https:\/\/verschluss.de\/pfefferkorn\/pvanlage_blog\/#breadcrumb"},"inLanguage":"en-GB","potentialAction":[{"@type":"ReadAction","target":["https:\/\/verschluss.de\/pfefferkorn\/pvanlage_blog\/"]}]},{"@type":"BreadcrumbList","@id":"https:\/\/verschluss.de\/pfefferkorn\/pvanlage_blog\/#breadcrumb","itemListElement":[{"@type":"ListItem","position":1,"name":"Startseite","item":"https:\/\/verschluss.de\/"},{"@type":"ListItem","position":2,"name":"Saubere Energie"}]},{"@type":"WebSite","@id":"https:\/\/verschluss.de\/#website","url":"https:\/\/verschluss.de\/","name":"Verschluss.de","description":"Wir entwickeln und realisieren Ihre Visionen in der Welt der Thermoplaste","potentialAction":[{"@type":"SearchAction","target":{"@type":"EntryPoint","urlTemplate":"https:\/\/verschluss.de\/?s={search_term_string}"},"query-input":{"@type":"PropertyValueSpecification","valueRequired":true,"valueName":"search_term_string"}}],"inLanguage":"en-GB"},{"@type":"Person","@id":"https:\/\/verschluss.de\/#\/schema\/person\/87d2c259dcb40033e79c398b6682e8a3","name":"Bianka Teinze","image":{"@type":"ImageObject","inLanguage":"en-GB","@id":"https:\/\/secure.gravatar.com\/avatar\/c0d8b52e710e03a2416019ddedca06b038a3bf745c9b4ccb1e9f8c355e76be7f?s=96&d=mm&r=g","url":"https:\/\/secure.gravatar.com\/avatar\/c0d8b52e710e03a2416019ddedca06b038a3bf745c9b4ccb1e9f8c355e76be7f?s=96&d=mm&r=g","contentUrl":"https:\/\/secure.gravatar.com\/avatar\/c0d8b52e710e03a2416019ddedca06b038a3bf745c9b4ccb1e9f8c355e76be7f?s=96&d=mm&r=g","caption":"Bianka Teinze"},"sameAs":["https:\/\/verschluss.de\/"],"url":"https:\/\/verschluss.de\/en\/author\/biankateinze\/"}]}},"_links":{"self":[{"href":"https:\/\/verschluss.de\/en\/wp-json\/wp\/v2\/posts\/10411","targetHints":{"allow":["GET"]}}],"collection":[{"href":"https:\/\/verschluss.de\/en\/wp-json\/wp\/v2\/posts"}],"about":[{"href":"https:\/\/verschluss.de\/en\/wp-json\/wp\/v2\/types\/post"}],"author":[{"embeddable":true,"href":"https:\/\/verschluss.de\/en\/wp-json\/wp\/v2\/users\/5"}],"replies":[{"embeddable":true,"href":"https:\/\/verschluss.de\/en\/wp-json\/wp\/v2\/comments?post=10411"}],"version-history":[{"count":10,"href":"https:\/\/verschluss.de\/en\/wp-json\/wp\/v2\/posts\/10411\/revisions"}],"predecessor-version":[{"id":10427,"href":"https:\/\/verschluss.de\/en\/wp-json\/wp\/v2\/posts\/10411\/revisions\/10427"}],"wp:attachment":[{"href":"https:\/\/verschluss.de\/en\/wp-json\/wp\/v2\/media?parent=10411"}],"wp:term":[{"taxonomy":"category","embeddable":true,"href":"https:\/\/verschluss.de\/en\/wp-json\/wp\/v2\/categories?post=10411"},{"taxonomy":"post_tag","embeddable":true,"href":"https:\/\/verschluss.de\/en\/wp-json\/wp\/v2\/tags?post=10411"}],"curies":[{"name":"wp","href":"https:\/\/api.w.org\/{rel}","templated":true}]}}