{"id":12410,"date":"2023-12-20T04:00:00","date_gmt":"2023-12-20T03:00:00","guid":{"rendered":"https:\/\/verschluss.de\/?p=12410"},"modified":"2023-12-19T12:56:06","modified_gmt":"2023-12-19T11:56:06","slug":"weihnachten-2023_blog","status":"publish","type":"post","link":"https:\/\/verschluss.de\/en\/pfefferkorn\/weihnachten-2023_blog\/","title":{"rendered":"Weihnachtspause 2023"},"content":{"rendered":"<div data-elementor-type=\"wp-post\" data-elementor-id=\"12410\" class=\"elementor elementor-12410\" data-elementor-post-type=\"post\">\n\t\t\t\t\t\t<section class=\"elementor-section elementor-top-section elementor-element elementor-element-d44c732 elementor-section-boxed elementor-section-height-default elementor-section-height-default\" data-id=\"d44c732\" data-element_type=\"section\" data-e-type=\"section\" data-settings=\"{&quot;jet_parallax_layout_list&quot;:[]}\">\n\t\t\t\t\t\t<div class=\"elementor-container elementor-column-gap-default\">\n\t\t\t\t\t<div class=\"elementor-column elementor-col-100 elementor-top-column elementor-element elementor-element-635163a\" data-id=\"635163a\" data-element_type=\"column\" data-e-type=\"column\">\n\t\t\t<div class=\"elementor-widget-wrap elementor-element-populated\">\n\t\t\t\t\t\t<div class=\"elementor-element elementor-element-43f913f elementor-widget__width-initial elementor-widget elementor-widget-text-editor\" data-id=\"43f913f\" data-element_type=\"widget\" data-e-type=\"widget\" data-widget_type=\"text-editor.default\">\n\t\t\t\t<div class=\"elementor-widget-container\">\n\t\t\t\t\t\t\t\t\t<p style=\"text-align: left;\"><span style=\"color: #e57200;\"><strong>\u201eIm Grunde sind es immer die Verbindungen mit Menschen, die dem Leben seinen Wert geben.\u201c (Wilhelm von Humboldt) <\/strong><\/span><\/p><p>\u00a0<\/p><p>Wir treffen im Laufe eines Jahres so viele Menschen. Kunden, Lieferanten, Mitarbeiter und deren Familien und nat\u00fcrlich auch Handwerker, Monteure und alle diejenigen, die mit daf\u00fcr sorgen, dass hier nichts zum Stillstand kommt.<\/p><p>Das Jahresende ist die Zeit, all diesen Menschen zu danken. F\u00fcr das gute Miteinander, die gute Zusammenarbeit und f\u00fcr alles, was sie f\u00fcr uns getan haben.<\/p><p>Ihnen allen w\u00fcnschen wir ein besinnliches und friedvolles Weihnachtsfest sowie einen guten Rutsch in ein gesundes und erfolgreiches Neues Jahr 2024.<\/p><p>Wir verabschieden uns vom 22. Dezember 2023 bis einschlie\u00dflich 1. Januar 2024 in unsere Weihnachtspause, um Ihnen ab dem 2. Januar 2024 wieder so motiviert und tatkr\u00e4ftig zur Seite stehen zu k\u00f6nnen, wie wir es immer tun.<\/p>\t\t\t\t\t\t\t\t<\/div>\n\t\t\t\t<\/div>\n\t\t\t\t\t<\/div>\n\t\t<\/div>\n\t\t\t\t\t<\/div>\n\t\t<\/section>\n\t\t\t\t<\/div>","protected":false},"excerpt":{"rendered":"<p>Wir machen Urlaub vom 22. Dezember 2023 bis einschlie\u00dflich 01. Januar 2023<\/p>","protected":false},"author":5,"featured_media":0,"comment_status":"open","ping_status":"open","sticky":false,"template":"","format":"standard","meta":{"site-sidebar-layout":"default","site-content-layout":"","ast-site-content-layout":"default","site-content-style":"default","site-sidebar-style":"default","ast-global-header-display":"","ast-banner-title-visibility":"","ast-main-header-display":"","ast-hfb-above-header-display":"","ast-hfb-below-header-display":"","ast-hfb-mobile-header-display":"","site-post-title":"","ast-breadcrumbs-content":"","ast-featured-img":"","footer-sml-layout":"","ast-disable-related-posts":"","theme-transparent-header-meta":"","adv-header-id-meta":"","stick-header-meta":"","header-above-stick-meta":"","header-main-stick-meta":"","header-below-stick-meta":"","astra-migrate-meta-layouts":"set","ast-page-background-enabled":"default","ast-page-background-meta":{"desktop":{"background-color":"var(--ast-global-color-4)","background-image":"","background-repeat":"repeat","background-position":"center center","background-size":"auto","background-attachment":"scroll","background-type":"","background-media":"","overlay-type":"","overlay-color":"","overlay-opacity":"","overlay-gradient":""},"tablet":{"background-color":"","background-image":"","background-repeat":"repeat","background-position":"center center","background-size":"auto","background-attachment":"scroll","background-type":"","background-media":"","overlay-type":"","overlay-color":"","overlay-opacity":"","overlay-gradient":""},"mobile":{"background-color":"","background-image":"","background-repeat":"repeat","background-position":"center center","background-size":"auto","background-attachment":"scroll","background-type":"","background-media":"","overlay-type":"","overlay-color":"","overlay-opacity":"","overlay-gradient":""}},"ast-content-background-meta":{"desktop":{"background-color":"var(--ast-global-color-5)","background-image":"","background-repeat":"repeat","background-position":"center center","background-size":"auto","background-attachment":"scroll","background-type":"","background-media":"","overlay-type":"","overlay-color":"","overlay-opacity":"","overlay-gradient":""},"tablet":{"background-color":"var(--ast-global-color-5)","background-image":"","background-repeat":"repeat","background-position":"center center","background-size":"auto","background-attachment":"scroll","background-type":"","background-media":"","overlay-type":"","overlay-color":"","overlay-opacity":"","overlay-gradient":""},"mobile":{"background-color":"var(--ast-global-color-5)","background-image":"","background-repeat":"repeat","background-position":"center center","background-size":"auto","background-attachment":"scroll","background-type":"","background-media":"","overlay-type":"","overlay-color":"","overlay-opacity":"","overlay-gradient":""}},"footnotes":""},"categories":[8],"tags":[],"class_list":["post-12410","post","type-post","status-publish","format-standard","hentry","category-pfefferkorn"],"yoast_head":"<!-- This site is optimized with the Yoast SEO plugin v27.4 - https:\/\/yoast.com\/product\/yoast-seo-wordpress\/ -->\n<title>Betriebsferien 22.12.2023 bis einschlie\u00dflich 01.01.2024<\/title>\n<meta name=\"description\" content=\"Wir w\u00fcnschen Ihnen frohe Feiertage und einen guten Rutsch ins Neues Jahr. Wir machen Weihnachtspause vom 22.12.2023 bis 01.01.2024.\" \/>\n<meta name=\"robots\" content=\"index, follow, max-snippet:-1, max-image-preview:large, max-video-preview:-1\" \/>\n<link rel=\"canonical\" href=\"https:\/\/verschluss.de\/en\/pfefferkorn\/weihnachten-2023_blog\/\" \/>\n<meta property=\"og:locale\" content=\"en_GB\" \/>\n<meta property=\"og:type\" content=\"article\" \/>\n<meta property=\"og:title\" content=\"Betriebsferien 22.12.2023 bis einschlie\u00dflich 01.01.2024\" \/>\n<meta property=\"og:description\" content=\"Wir w\u00fcnschen Ihnen frohe Feiertage und einen guten Rutsch ins Neues Jahr. Wir machen Weihnachtspause vom 22.12.2023 bis 01.01.2024.\" \/>\n<meta property=\"og:url\" content=\"https:\/\/verschluss.de\/en\/pfefferkorn\/weihnachten-2023_blog\/\" \/>\n<meta property=\"og:site_name\" content=\"Verschluss.de\" \/>\n<meta property=\"article:published_time\" content=\"2023-12-20T03:00:00+00:00\" \/>\n<meta property=\"og:image\" content=\"https:\/\/verschluss.de\/wp-content\/uploads\/2023\/12\/2023-12-20-Weihnachtspause-20231204_123750.jpg\" \/>\n\t<meta property=\"og:image:width\" content=\"1133\" \/>\n\t<meta property=\"og:image:height\" content=\"850\" \/>\n\t<meta property=\"og:image:type\" content=\"image\/jpeg\" \/>\n<meta name=\"author\" content=\"Bianka Teinze\" \/>\n<meta name=\"twitter:card\" content=\"summary_large_image\" \/>\n<meta name=\"twitter:label1\" content=\"Written by\" \/>\n\t<meta name=\"twitter:data1\" content=\"Bianka Teinze\" \/>\n\t<meta name=\"twitter:label2\" content=\"Estimated reading time\" \/>\n\t<meta name=\"twitter:data2\" content=\"1 minute\" \/>\n<script type=\"application\/ld+json\" class=\"yoast-schema-graph\">{\"@context\":\"https:\\\/\\\/schema.org\",\"@graph\":[{\"@type\":\"Article\",\"@id\":\"https:\\\/\\\/verschluss.de\\\/pfefferkorn\\\/weihnachten-2023_blog\\\/#article\",\"isPartOf\":{\"@id\":\"https:\\\/\\\/verschluss.de\\\/pfefferkorn\\\/weihnachten-2023_blog\\\/\"},\"author\":{\"name\":\"Bianka Teinze\",\"@id\":\"https:\\\/\\\/verschluss.de\\\/#\\\/schema\\\/person\\\/87d2c259dcb40033e79c398b6682e8a3\"},\"headline\":\"Weihnachtspause 2023\",\"datePublished\":\"2023-12-20T03:00:00+00:00\",\"mainEntityOfPage\":{\"@id\":\"https:\\\/\\\/verschluss.de\\\/pfefferkorn\\\/weihnachten-2023_blog\\\/\"},\"wordCount\":138,\"commentCount\":0,\"articleSection\":[\"Pfefferkorn\"],\"inLanguage\":\"en-GB\",\"potentialAction\":[{\"@type\":\"CommentAction\",\"name\":\"Comment\",\"target\":[\"https:\\\/\\\/verschluss.de\\\/pfefferkorn\\\/weihnachten-2023_blog\\\/#respond\"]}]},{\"@type\":\"WebPage\",\"@id\":\"https:\\\/\\\/verschluss.de\\\/pfefferkorn\\\/weihnachten-2023_blog\\\/\",\"url\":\"https:\\\/\\\/verschluss.de\\\/pfefferkorn\\\/weihnachten-2023_blog\\\/\",\"name\":\"Betriebsferien 22.12.2023 bis einschlie\u00dflich 01.01.2024\",\"isPartOf\":{\"@id\":\"https:\\\/\\\/verschluss.de\\\/#website\"},\"datePublished\":\"2023-12-20T03:00:00+00:00\",\"author\":{\"@id\":\"https:\\\/\\\/verschluss.de\\\/#\\\/schema\\\/person\\\/87d2c259dcb40033e79c398b6682e8a3\"},\"description\":\"Wir w\u00fcnschen Ihnen frohe Feiertage und einen guten Rutsch ins Neues Jahr. Wir machen Weihnachtspause vom 22.12.2023 bis 01.01.2024.\",\"breadcrumb\":{\"@id\":\"https:\\\/\\\/verschluss.de\\\/pfefferkorn\\\/weihnachten-2023_blog\\\/#breadcrumb\"},\"inLanguage\":\"en-GB\",\"potentialAction\":[{\"@type\":\"ReadAction\",\"target\":[\"https:\\\/\\\/verschluss.de\\\/pfefferkorn\\\/weihnachten-2023_blog\\\/\"]}]},{\"@type\":\"BreadcrumbList\",\"@id\":\"https:\\\/\\\/verschluss.de\\\/pfefferkorn\\\/weihnachten-2023_blog\\\/#breadcrumb\",\"itemListElement\":[{\"@type\":\"ListItem\",\"position\":1,\"name\":\"Startseite\",\"item\":\"https:\\\/\\\/verschluss.de\\\/\"},{\"@type\":\"ListItem\",\"position\":2,\"name\":\"Weihnachtspause 2023\"}]},{\"@type\":\"WebSite\",\"@id\":\"https:\\\/\\\/verschluss.de\\\/#website\",\"url\":\"https:\\\/\\\/verschluss.de\\\/\",\"name\":\"Verschluss.de\",\"description\":\"Wir entwickeln und realisieren Ihre Visionen in der Welt der Thermoplaste\",\"potentialAction\":[{\"@type\":\"SearchAction\",\"target\":{\"@type\":\"EntryPoint\",\"urlTemplate\":\"https:\\\/\\\/verschluss.de\\\/?s={search_term_string}\"},\"query-input\":{\"@type\":\"PropertyValueSpecification\",\"valueRequired\":true,\"valueName\":\"search_term_string\"}}],\"inLanguage\":\"en-GB\"},{\"@type\":\"Person\",\"@id\":\"https:\\\/\\\/verschluss.de\\\/#\\\/schema\\\/person\\\/87d2c259dcb40033e79c398b6682e8a3\",\"name\":\"Bianka Teinze\",\"image\":{\"@type\":\"ImageObject\",\"inLanguage\":\"en-GB\",\"@id\":\"https:\\\/\\\/secure.gravatar.com\\\/avatar\\\/c0d8b52e710e03a2416019ddedca06b038a3bf745c9b4ccb1e9f8c355e76be7f?s=96&d=mm&r=g\",\"url\":\"https:\\\/\\\/secure.gravatar.com\\\/avatar\\\/c0d8b52e710e03a2416019ddedca06b038a3bf745c9b4ccb1e9f8c355e76be7f?s=96&d=mm&r=g\",\"contentUrl\":\"https:\\\/\\\/secure.gravatar.com\\\/avatar\\\/c0d8b52e710e03a2416019ddedca06b038a3bf745c9b4ccb1e9f8c355e76be7f?s=96&d=mm&r=g\",\"caption\":\"Bianka Teinze\"},\"sameAs\":[\"https:\\\/\\\/verschluss.de\\\/\"],\"url\":\"https:\\\/\\\/verschluss.de\\\/en\\\/author\\\/biankateinze\\\/\"}]}<\/script>\n<!-- \/ Yoast SEO plugin. -->","yoast_head_json":{"title":"Betriebsferien 22.12.2023 bis einschlie\u00dflich 01.01.2024","description":"Wir w\u00fcnschen Ihnen frohe Feiertage und einen guten Rutsch ins Neues Jahr. Wir machen Weihnachtspause vom 22.12.2023 bis 01.01.2024.","robots":{"index":"index","follow":"follow","max-snippet":"max-snippet:-1","max-image-preview":"max-image-preview:large","max-video-preview":"max-video-preview:-1"},"canonical":"https:\/\/verschluss.de\/en\/pfefferkorn\/weihnachten-2023_blog\/","og_locale":"en_GB","og_type":"article","og_title":"Betriebsferien 22.12.2023 bis einschlie\u00dflich 01.01.2024","og_description":"Wir w\u00fcnschen Ihnen frohe Feiertage und einen guten Rutsch ins Neues Jahr. Wir machen Weihnachtspause vom 22.12.2023 bis 01.01.2024.","og_url":"https:\/\/verschluss.de\/en\/pfefferkorn\/weihnachten-2023_blog\/","og_site_name":"Verschluss.de","article_published_time":"2023-12-20T03:00:00+00:00","og_image":[{"width":1133,"height":850,"url":"https:\/\/verschluss.de\/wp-content\/uploads\/2023\/12\/2023-12-20-Weihnachtspause-20231204_123750.jpg","type":"image\/jpeg"}],"author":"Bianka Teinze","twitter_card":"summary_large_image","twitter_misc":{"Written by":"Bianka Teinze","Estimated reading time":"1 minute"},"schema":{"@context":"https:\/\/schema.org","@graph":[{"@type":"Article","@id":"https:\/\/verschluss.de\/pfefferkorn\/weihnachten-2023_blog\/#article","isPartOf":{"@id":"https:\/\/verschluss.de\/pfefferkorn\/weihnachten-2023_blog\/"},"author":{"name":"Bianka Teinze","@id":"https:\/\/verschluss.de\/#\/schema\/person\/87d2c259dcb40033e79c398b6682e8a3"},"headline":"Weihnachtspause 2023","datePublished":"2023-12-20T03:00:00+00:00","mainEntityOfPage":{"@id":"https:\/\/verschluss.de\/pfefferkorn\/weihnachten-2023_blog\/"},"wordCount":138,"commentCount":0,"articleSection":["Pfefferkorn"],"inLanguage":"en-GB","potentialAction":[{"@type":"CommentAction","name":"Comment","target":["https:\/\/verschluss.de\/pfefferkorn\/weihnachten-2023_blog\/#respond"]}]},{"@type":"WebPage","@id":"https:\/\/verschluss.de\/pfefferkorn\/weihnachten-2023_blog\/","url":"https:\/\/verschluss.de\/pfefferkorn\/weihnachten-2023_blog\/","name":"Betriebsferien 22.12.2023 bis einschlie\u00dflich 01.01.2024","isPartOf":{"@id":"https:\/\/verschluss.de\/#website"},"datePublished":"2023-12-20T03:00:00+00:00","author":{"@id":"https:\/\/verschluss.de\/#\/schema\/person\/87d2c259dcb40033e79c398b6682e8a3"},"description":"Wir w\u00fcnschen Ihnen frohe Feiertage und einen guten Rutsch ins Neues Jahr. Wir machen Weihnachtspause vom 22.12.2023 bis 01.01.2024.","breadcrumb":{"@id":"https:\/\/verschluss.de\/pfefferkorn\/weihnachten-2023_blog\/#breadcrumb"},"inLanguage":"en-GB","potentialAction":[{"@type":"ReadAction","target":["https:\/\/verschluss.de\/pfefferkorn\/weihnachten-2023_blog\/"]}]},{"@type":"BreadcrumbList","@id":"https:\/\/verschluss.de\/pfefferkorn\/weihnachten-2023_blog\/#breadcrumb","itemListElement":[{"@type":"ListItem","position":1,"name":"Startseite","item":"https:\/\/verschluss.de\/"},{"@type":"ListItem","position":2,"name":"Weihnachtspause 2023"}]},{"@type":"WebSite","@id":"https:\/\/verschluss.de\/#website","url":"https:\/\/verschluss.de\/","name":"Verschluss.de","description":"Wir entwickeln und realisieren Ihre Visionen in der Welt der Thermoplaste","potentialAction":[{"@type":"SearchAction","target":{"@type":"EntryPoint","urlTemplate":"https:\/\/verschluss.de\/?s={search_term_string}"},"query-input":{"@type":"PropertyValueSpecification","valueRequired":true,"valueName":"search_term_string"}}],"inLanguage":"en-GB"},{"@type":"Person","@id":"https:\/\/verschluss.de\/#\/schema\/person\/87d2c259dcb40033e79c398b6682e8a3","name":"Bianka Teinze","image":{"@type":"ImageObject","inLanguage":"en-GB","@id":"https:\/\/secure.gravatar.com\/avatar\/c0d8b52e710e03a2416019ddedca06b038a3bf745c9b4ccb1e9f8c355e76be7f?s=96&d=mm&r=g","url":"https:\/\/secure.gravatar.com\/avatar\/c0d8b52e710e03a2416019ddedca06b038a3bf745c9b4ccb1e9f8c355e76be7f?s=96&d=mm&r=g","contentUrl":"https:\/\/secure.gravatar.com\/avatar\/c0d8b52e710e03a2416019ddedca06b038a3bf745c9b4ccb1e9f8c355e76be7f?s=96&d=mm&r=g","caption":"Bianka Teinze"},"sameAs":["https:\/\/verschluss.de\/"],"url":"https:\/\/verschluss.de\/en\/author\/biankateinze\/"}]}},"_links":{"self":[{"href":"https:\/\/verschluss.de\/en\/wp-json\/wp\/v2\/posts\/12410","targetHints":{"allow":["GET"]}}],"collection":[{"href":"https:\/\/verschluss.de\/en\/wp-json\/wp\/v2\/posts"}],"about":[{"href":"https:\/\/verschluss.de\/en\/wp-json\/wp\/v2\/types\/post"}],"author":[{"embeddable":true,"href":"https:\/\/verschluss.de\/en\/wp-json\/wp\/v2\/users\/5"}],"replies":[{"embeddable":true,"href":"https:\/\/verschluss.de\/en\/wp-json\/wp\/v2\/comments?post=12410"}],"version-history":[{"count":10,"href":"https:\/\/verschluss.de\/en\/wp-json\/wp\/v2\/posts\/12410\/revisions"}],"predecessor-version":[{"id":12422,"href":"https:\/\/verschluss.de\/en\/wp-json\/wp\/v2\/posts\/12410\/revisions\/12422"}],"wp:attachment":[{"href":"https:\/\/verschluss.de\/en\/wp-json\/wp\/v2\/media?parent=12410"}],"wp:term":[{"taxonomy":"category","embeddable":true,"href":"https:\/\/verschluss.de\/en\/wp-json\/wp\/v2\/categories?post=12410"},{"taxonomy":"post_tag","embeddable":true,"href":"https:\/\/verschluss.de\/en\/wp-json\/wp\/v2\/tags?post=12410"}],"curies":[{"name":"wp","href":"https:\/\/api.w.org\/{rel}","templated":true}]}}