{"id":12603,"date":"2024-01-31T04:00:00","date_gmt":"2024-01-31T03:00:00","guid":{"rendered":"https:\/\/verschluss.de\/?p=12603"},"modified":"2024-01-30T09:16:26","modified_gmt":"2024-01-30T08:16:26","slug":"awt2024nachlese_blog","status":"publish","type":"post","link":"https:\/\/verschluss.de\/en\/pfefferkorn\/awt2024nachlese_blog\/","title":{"rendered":"AgrarWinterTage 2024"},"content":{"rendered":"<div data-elementor-type=\"wp-post\" data-elementor-id=\"12603\" class=\"elementor elementor-12603\" data-elementor-post-type=\"post\">\n\t\t\t\t\t\t<section class=\"elementor-section elementor-top-section elementor-element elementor-element-d44c732 elementor-section-boxed elementor-section-height-default elementor-section-height-default\" data-id=\"d44c732\" data-element_type=\"section\" data-e-type=\"section\" data-settings=\"{&quot;jet_parallax_layout_list&quot;:[]}\">\n\t\t\t\t\t\t<div class=\"elementor-container elementor-column-gap-default\">\n\t\t\t\t\t<div class=\"elementor-column elementor-col-100 elementor-top-column elementor-element elementor-element-635163a\" data-id=\"635163a\" data-element_type=\"column\" data-e-type=\"column\">\n\t\t\t<div class=\"elementor-widget-wrap elementor-element-populated\">\n\t\t\t\t\t\t<div class=\"elementor-element elementor-element-43f913f elementor-widget__width-initial elementor-widget elementor-widget-text-editor\" data-id=\"43f913f\" data-element_type=\"widget\" data-e-type=\"widget\" data-widget_type=\"text-editor.default\">\n\t\t\t\t<div class=\"elementor-widget-container\">\n\t\t\t\t\t\t\t\t\t<p><strong>Vom 24. bis 26. Januar 2024 war unser Team verschluss.de wieder auf den AgrarWinterTagen in Mainz vertreten. Die Veranstaltung, die als f\u00fchrende Messe f\u00fcr die Agrarindustrie gilt, lockte zahlreiche Besucher an und bot eine ideale Plattform f\u00fcr den Austausch von Ideen und Innovationen.<\/strong><\/p><p>Unsere individuellen Flaschenverschl\u00fcsse stie\u00dfen auf gro\u00dfes Interesse und Begeisterung bei den Besuchern. Mit ihrer einzigartigen Funktionalit\u00e4t und ihrem ansprechenden Design konnten sie die Aufmerksamkeit der Fachleute und Experten auf sich ziehen.<\/p><p>Gerade unsere Sektkapsel, aus dem Material SUSTAINcap\u00ae, welches ohne Plastik ist, war das Thema auf der Messe und unserem Stand. Haben wir Ihr Interesse geweckt? Sch\u00f6n, dann melden Sie sich bei uns und wir informieren Sie.<\/p><p>Die Messe bot uns die M\u00f6glichkeit, unsere Produkte einem breiten Publikum vorzustellen und wertvolle Kontakte zu kn\u00fcpfen. Wir hatten das Privileg, mit Winzern, Kellereien und anderen Fachleuten in einen Dialog zu treten und wertvolles Feedback zu erhalten. Diese Gespr\u00e4che werden uns dabei helfen, unsere Flaschenverschl\u00fcsse weiter zu verbessern und den Bed\u00fcrfnissen unserer Kunden gerecht zu werden.<br \/><br \/>Die hohe Besucherzahl an unserem Stand best\u00e4tigt das wachsende Interesse an innovativen L\u00f6sungen im Bereich der Schaumweinausstattung. Wir sind stolz darauf, einen Beitrag zur Effizienzsteigerung und Nachhaltigkeit in diesem Bereich zu leisten. Die positive Resonanz der Besucher best\u00e4rkt uns in unserem Bestreben, weiterhin innovative Verschlussl\u00f6sungen zu entwickeln, die den Anforderungen der Branche gerecht werden.<\/p><p>Wir m\u00f6chten uns bei allen Besuchern bedanken, die unseren Stand auf den AgrarWinterTagen 2024 besucht haben. Ihr Interesse und Ihre Unterst\u00fctzung bedeuten uns sehr viel. Wir sind zuversichtlich, dass unsere Leistungen und Produkte einen wichtigen Beitrag zur Weiterentwicklung des Schaumweinsektors leisten.<\/p><p><em>Unser Foto zeigt unser Messeteam am Mittwoch, den 24. Januar 2024:<\/em><br \/><em>v.l.n.r. Stefan Zimmermann (Qualit\u00e4tsmanagementbeauftragter), Gesch\u00e4ftsf\u00fchrer Ralf Gabler und Markus Busch (Customer Support).<\/em><\/p>\t\t\t\t\t\t\t\t<\/div>\n\t\t\t\t<\/div>\n\t\t\t\t\t<\/div>\n\t\t<\/div>\n\t\t\t\t\t<\/div>\n\t\t<\/section>\n\t\t\t\t<\/div>","protected":false},"excerpt":{"rendered":"<p>Unsere Teilnahme an den AgrarWinterTagen war auch in diesem Jahr wieder ein voller Erfolg<\/p>","protected":false},"author":5,"featured_media":0,"comment_status":"open","ping_status":"open","sticky":false,"template":"","format":"standard","meta":{"site-sidebar-layout":"default","site-content-layout":"","ast-site-content-layout":"default","site-content-style":"default","site-sidebar-style":"default","ast-global-header-display":"","ast-banner-title-visibility":"","ast-main-header-display":"","ast-hfb-above-header-display":"","ast-hfb-below-header-display":"","ast-hfb-mobile-header-display":"","site-post-title":"","ast-breadcrumbs-content":"","ast-featured-img":"","footer-sml-layout":"","ast-disable-related-posts":"","theme-transparent-header-meta":"","adv-header-id-meta":"","stick-header-meta":"","header-above-stick-meta":"","header-main-stick-meta":"","header-below-stick-meta":"","astra-migrate-meta-layouts":"set","ast-page-background-enabled":"default","ast-page-background-meta":{"desktop":{"background-color":"var(--ast-global-color-4)","background-image":"","background-repeat":"repeat","background-position":"center center","background-size":"auto","background-attachment":"scroll","background-type":"","background-media":"","overlay-type":"","overlay-color":"","overlay-opacity":"","overlay-gradient":""},"tablet":{"background-color":"","background-image":"","background-repeat":"repeat","background-position":"center center","background-size":"auto","background-attachment":"scroll","background-type":"","background-media":"","overlay-type":"","overlay-color":"","overlay-opacity":"","overlay-gradient":""},"mobile":{"background-color":"","background-image":"","background-repeat":"repeat","background-position":"center center","background-size":"auto","background-attachment":"scroll","background-type":"","background-media":"","overlay-type":"","overlay-color":"","overlay-opacity":"","overlay-gradient":""}},"ast-content-background-meta":{"desktop":{"background-color":"var(--ast-global-color-5)","background-image":"","background-repeat":"repeat","background-position":"center center","background-size":"auto","background-attachment":"scroll","background-type":"","background-media":"","overlay-type":"","overlay-color":"","overlay-opacity":"","overlay-gradient":""},"tablet":{"background-color":"var(--ast-global-color-5)","background-image":"","background-repeat":"repeat","background-position":"center center","background-size":"auto","background-attachment":"scroll","background-type":"","background-media":"","overlay-type":"","overlay-color":"","overlay-opacity":"","overlay-gradient":""},"mobile":{"background-color":"var(--ast-global-color-5)","background-image":"","background-repeat":"repeat","background-position":"center center","background-size":"auto","background-attachment":"scroll","background-type":"","background-media":"","overlay-type":"","overlay-color":"","overlay-opacity":"","overlay-gradient":""}},"footnotes":""},"categories":[8],"tags":[],"class_list":["post-12603","post","type-post","status-publish","format-standard","hentry","category-pfefferkorn"],"yoast_head":"<!-- This site is optimized with the Yoast SEO plugin v27.4 - https:\/\/yoast.com\/product\/yoast-seo-wordpress\/ -->\n<title>Unsere Messeteilnahme war auch 2024 wieder ein voller Erfolg<\/title>\n<meta name=\"description\" content=\"Die Messe bot uns die M\u00f6glichkeit, unsere Produkte einem breiten Publikum vorzustellen und wertvolle Kontakte zu kn\u00fcpfen.\" \/>\n<meta name=\"robots\" content=\"index, follow, max-snippet:-1, max-image-preview:large, max-video-preview:-1\" \/>\n<link rel=\"canonical\" href=\"https:\/\/verschluss.de\/en\/pfefferkorn\/awt2024nachlese_blog\/\" \/>\n<meta property=\"og:locale\" content=\"en_GB\" \/>\n<meta property=\"og:type\" content=\"article\" \/>\n<meta property=\"og:title\" content=\"Unsere Messeteilnahme war auch 2024 wieder ein voller Erfolg\" \/>\n<meta property=\"og:description\" content=\"Die Messe bot uns die M\u00f6glichkeit, unsere Produkte einem breiten Publikum vorzustellen und wertvolle Kontakte zu kn\u00fcpfen.\" \/>\n<meta property=\"og:url\" content=\"https:\/\/verschluss.de\/en\/pfefferkorn\/awt2024nachlese_blog\/\" \/>\n<meta property=\"og:site_name\" content=\"Verschluss.de\" \/>\n<meta property=\"article:published_time\" content=\"2024-01-31T03:00:00+00:00\" \/>\n<meta property=\"og:image\" content=\"https:\/\/verschluss.de\/wp-content\/uploads\/2024\/01\/2024-01-31-AWT-Nachbericht-IMG-20240124-WA0002.jpg\" \/>\n\t<meta property=\"og:image:width\" content=\"1600\" \/>\n\t<meta property=\"og:image:height\" content=\"1200\" \/>\n\t<meta property=\"og:image:type\" content=\"image\/jpeg\" \/>\n<meta name=\"author\" content=\"Bianka Teinze\" \/>\n<meta name=\"twitter:card\" content=\"summary_large_image\" \/>\n<meta name=\"twitter:label1\" content=\"Written by\" \/>\n\t<meta name=\"twitter:data1\" content=\"Bianka Teinze\" \/>\n\t<meta name=\"twitter:label2\" content=\"Estimated reading time\" \/>\n\t<meta name=\"twitter:data2\" content=\"2 minutes\" \/>\n<script type=\"application\/ld+json\" class=\"yoast-schema-graph\">{\"@context\":\"https:\\\/\\\/schema.org\",\"@graph\":[{\"@type\":\"Article\",\"@id\":\"https:\\\/\\\/verschluss.de\\\/pfefferkorn\\\/awt2024nachlese_blog\\\/#article\",\"isPartOf\":{\"@id\":\"https:\\\/\\\/verschluss.de\\\/pfefferkorn\\\/awt2024nachlese_blog\\\/\"},\"author\":{\"name\":\"Bianka Teinze\",\"@id\":\"https:\\\/\\\/verschluss.de\\\/#\\\/schema\\\/person\\\/87d2c259dcb40033e79c398b6682e8a3\"},\"headline\":\"AgrarWinterTage 2024\",\"datePublished\":\"2024-01-31T03:00:00+00:00\",\"mainEntityOfPage\":{\"@id\":\"https:\\\/\\\/verschluss.de\\\/pfefferkorn\\\/awt2024nachlese_blog\\\/\"},\"wordCount\":305,\"commentCount\":0,\"articleSection\":[\"Pfefferkorn\"],\"inLanguage\":\"en-GB\",\"potentialAction\":[{\"@type\":\"CommentAction\",\"name\":\"Comment\",\"target\":[\"https:\\\/\\\/verschluss.de\\\/pfefferkorn\\\/awt2024nachlese_blog\\\/#respond\"]}]},{\"@type\":\"WebPage\",\"@id\":\"https:\\\/\\\/verschluss.de\\\/pfefferkorn\\\/awt2024nachlese_blog\\\/\",\"url\":\"https:\\\/\\\/verschluss.de\\\/pfefferkorn\\\/awt2024nachlese_blog\\\/\",\"name\":\"Unsere Messeteilnahme war auch 2024 wieder ein voller Erfolg\",\"isPartOf\":{\"@id\":\"https:\\\/\\\/verschluss.de\\\/#website\"},\"datePublished\":\"2024-01-31T03:00:00+00:00\",\"author\":{\"@id\":\"https:\\\/\\\/verschluss.de\\\/#\\\/schema\\\/person\\\/87d2c259dcb40033e79c398b6682e8a3\"},\"description\":\"Die Messe bot uns die M\u00f6glichkeit, unsere Produkte einem breiten Publikum vorzustellen und wertvolle Kontakte zu kn\u00fcpfen.\",\"breadcrumb\":{\"@id\":\"https:\\\/\\\/verschluss.de\\\/pfefferkorn\\\/awt2024nachlese_blog\\\/#breadcrumb\"},\"inLanguage\":\"en-GB\",\"potentialAction\":[{\"@type\":\"ReadAction\",\"target\":[\"https:\\\/\\\/verschluss.de\\\/pfefferkorn\\\/awt2024nachlese_blog\\\/\"]}]},{\"@type\":\"BreadcrumbList\",\"@id\":\"https:\\\/\\\/verschluss.de\\\/pfefferkorn\\\/awt2024nachlese_blog\\\/#breadcrumb\",\"itemListElement\":[{\"@type\":\"ListItem\",\"position\":1,\"name\":\"Startseite\",\"item\":\"https:\\\/\\\/verschluss.de\\\/\"},{\"@type\":\"ListItem\",\"position\":2,\"name\":\"AgrarWinterTage 2024\"}]},{\"@type\":\"WebSite\",\"@id\":\"https:\\\/\\\/verschluss.de\\\/#website\",\"url\":\"https:\\\/\\\/verschluss.de\\\/\",\"name\":\"Verschluss.de\",\"description\":\"Wir entwickeln und realisieren Ihre Visionen in der Welt der Thermoplaste\",\"potentialAction\":[{\"@type\":\"SearchAction\",\"target\":{\"@type\":\"EntryPoint\",\"urlTemplate\":\"https:\\\/\\\/verschluss.de\\\/?s={search_term_string}\"},\"query-input\":{\"@type\":\"PropertyValueSpecification\",\"valueRequired\":true,\"valueName\":\"search_term_string\"}}],\"inLanguage\":\"en-GB\"},{\"@type\":\"Person\",\"@id\":\"https:\\\/\\\/verschluss.de\\\/#\\\/schema\\\/person\\\/87d2c259dcb40033e79c398b6682e8a3\",\"name\":\"Bianka Teinze\",\"image\":{\"@type\":\"ImageObject\",\"inLanguage\":\"en-GB\",\"@id\":\"https:\\\/\\\/secure.gravatar.com\\\/avatar\\\/c0d8b52e710e03a2416019ddedca06b038a3bf745c9b4ccb1e9f8c355e76be7f?s=96&d=mm&r=g\",\"url\":\"https:\\\/\\\/secure.gravatar.com\\\/avatar\\\/c0d8b52e710e03a2416019ddedca06b038a3bf745c9b4ccb1e9f8c355e76be7f?s=96&d=mm&r=g\",\"contentUrl\":\"https:\\\/\\\/secure.gravatar.com\\\/avatar\\\/c0d8b52e710e03a2416019ddedca06b038a3bf745c9b4ccb1e9f8c355e76be7f?s=96&d=mm&r=g\",\"caption\":\"Bianka Teinze\"},\"sameAs\":[\"https:\\\/\\\/verschluss.de\\\/\"],\"url\":\"https:\\\/\\\/verschluss.de\\\/en\\\/author\\\/biankateinze\\\/\"}]}<\/script>\n<!-- \/ Yoast SEO plugin. -->","yoast_head_json":{"title":"Unsere Messeteilnahme war auch 2024 wieder ein voller Erfolg","description":"Die Messe bot uns die M\u00f6glichkeit, unsere Produkte einem breiten Publikum vorzustellen und wertvolle Kontakte zu kn\u00fcpfen.","robots":{"index":"index","follow":"follow","max-snippet":"max-snippet:-1","max-image-preview":"max-image-preview:large","max-video-preview":"max-video-preview:-1"},"canonical":"https:\/\/verschluss.de\/en\/pfefferkorn\/awt2024nachlese_blog\/","og_locale":"en_GB","og_type":"article","og_title":"Unsere Messeteilnahme war auch 2024 wieder ein voller Erfolg","og_description":"Die Messe bot uns die M\u00f6glichkeit, unsere Produkte einem breiten Publikum vorzustellen und wertvolle Kontakte zu kn\u00fcpfen.","og_url":"https:\/\/verschluss.de\/en\/pfefferkorn\/awt2024nachlese_blog\/","og_site_name":"Verschluss.de","article_published_time":"2024-01-31T03:00:00+00:00","og_image":[{"width":1600,"height":1200,"url":"https:\/\/verschluss.de\/wp-content\/uploads\/2024\/01\/2024-01-31-AWT-Nachbericht-IMG-20240124-WA0002.jpg","type":"image\/jpeg"}],"author":"Bianka Teinze","twitter_card":"summary_large_image","twitter_misc":{"Written by":"Bianka Teinze","Estimated reading time":"2 minutes"},"schema":{"@context":"https:\/\/schema.org","@graph":[{"@type":"Article","@id":"https:\/\/verschluss.de\/pfefferkorn\/awt2024nachlese_blog\/#article","isPartOf":{"@id":"https:\/\/verschluss.de\/pfefferkorn\/awt2024nachlese_blog\/"},"author":{"name":"Bianka Teinze","@id":"https:\/\/verschluss.de\/#\/schema\/person\/87d2c259dcb40033e79c398b6682e8a3"},"headline":"AgrarWinterTage 2024","datePublished":"2024-01-31T03:00:00+00:00","mainEntityOfPage":{"@id":"https:\/\/verschluss.de\/pfefferkorn\/awt2024nachlese_blog\/"},"wordCount":305,"commentCount":0,"articleSection":["Pfefferkorn"],"inLanguage":"en-GB","potentialAction":[{"@type":"CommentAction","name":"Comment","target":["https:\/\/verschluss.de\/pfefferkorn\/awt2024nachlese_blog\/#respond"]}]},{"@type":"WebPage","@id":"https:\/\/verschluss.de\/pfefferkorn\/awt2024nachlese_blog\/","url":"https:\/\/verschluss.de\/pfefferkorn\/awt2024nachlese_blog\/","name":"Unsere Messeteilnahme war auch 2024 wieder ein voller Erfolg","isPartOf":{"@id":"https:\/\/verschluss.de\/#website"},"datePublished":"2024-01-31T03:00:00+00:00","author":{"@id":"https:\/\/verschluss.de\/#\/schema\/person\/87d2c259dcb40033e79c398b6682e8a3"},"description":"Die Messe bot uns die M\u00f6glichkeit, unsere Produkte einem breiten Publikum vorzustellen und wertvolle Kontakte zu kn\u00fcpfen.","breadcrumb":{"@id":"https:\/\/verschluss.de\/pfefferkorn\/awt2024nachlese_blog\/#breadcrumb"},"inLanguage":"en-GB","potentialAction":[{"@type":"ReadAction","target":["https:\/\/verschluss.de\/pfefferkorn\/awt2024nachlese_blog\/"]}]},{"@type":"BreadcrumbList","@id":"https:\/\/verschluss.de\/pfefferkorn\/awt2024nachlese_blog\/#breadcrumb","itemListElement":[{"@type":"ListItem","position":1,"name":"Startseite","item":"https:\/\/verschluss.de\/"},{"@type":"ListItem","position":2,"name":"AgrarWinterTage 2024"}]},{"@type":"WebSite","@id":"https:\/\/verschluss.de\/#website","url":"https:\/\/verschluss.de\/","name":"Verschluss.de","description":"Wir entwickeln und realisieren Ihre Visionen in der Welt der Thermoplaste","potentialAction":[{"@type":"SearchAction","target":{"@type":"EntryPoint","urlTemplate":"https:\/\/verschluss.de\/?s={search_term_string}"},"query-input":{"@type":"PropertyValueSpecification","valueRequired":true,"valueName":"search_term_string"}}],"inLanguage":"en-GB"},{"@type":"Person","@id":"https:\/\/verschluss.de\/#\/schema\/person\/87d2c259dcb40033e79c398b6682e8a3","name":"Bianka Teinze","image":{"@type":"ImageObject","inLanguage":"en-GB","@id":"https:\/\/secure.gravatar.com\/avatar\/c0d8b52e710e03a2416019ddedca06b038a3bf745c9b4ccb1e9f8c355e76be7f?s=96&d=mm&r=g","url":"https:\/\/secure.gravatar.com\/avatar\/c0d8b52e710e03a2416019ddedca06b038a3bf745c9b4ccb1e9f8c355e76be7f?s=96&d=mm&r=g","contentUrl":"https:\/\/secure.gravatar.com\/avatar\/c0d8b52e710e03a2416019ddedca06b038a3bf745c9b4ccb1e9f8c355e76be7f?s=96&d=mm&r=g","caption":"Bianka Teinze"},"sameAs":["https:\/\/verschluss.de\/"],"url":"https:\/\/verschluss.de\/en\/author\/biankateinze\/"}]}},"_links":{"self":[{"href":"https:\/\/verschluss.de\/en\/wp-json\/wp\/v2\/posts\/12603","targetHints":{"allow":["GET"]}}],"collection":[{"href":"https:\/\/verschluss.de\/en\/wp-json\/wp\/v2\/posts"}],"about":[{"href":"https:\/\/verschluss.de\/en\/wp-json\/wp\/v2\/types\/post"}],"author":[{"embeddable":true,"href":"https:\/\/verschluss.de\/en\/wp-json\/wp\/v2\/users\/5"}],"replies":[{"embeddable":true,"href":"https:\/\/verschluss.de\/en\/wp-json\/wp\/v2\/comments?post=12603"}],"version-history":[{"count":8,"href":"https:\/\/verschluss.de\/en\/wp-json\/wp\/v2\/posts\/12603\/revisions"}],"predecessor-version":[{"id":12612,"href":"https:\/\/verschluss.de\/en\/wp-json\/wp\/v2\/posts\/12603\/revisions\/12612"}],"wp:attachment":[{"href":"https:\/\/verschluss.de\/en\/wp-json\/wp\/v2\/media?parent=12603"}],"wp:term":[{"taxonomy":"category","embeddable":true,"href":"https:\/\/verschluss.de\/en\/wp-json\/wp\/v2\/categories?post=12603"},{"taxonomy":"post_tag","embeddable":true,"href":"https:\/\/verschluss.de\/en\/wp-json\/wp\/v2\/tags?post=12603"}],"curies":[{"name":"wp","href":"https:\/\/api.w.org\/{rel}","templated":true}]}}