{"id":12772,"date":"2024-03-13T04:00:00","date_gmt":"2024-03-13T03:00:00","guid":{"rendered":"https:\/\/verschluss.de\/?p=12772"},"modified":"2024-03-19T12:06:28","modified_gmt":"2024-03-19T11:06:28","slug":"pfdosen_blog","status":"publish","type":"post","link":"https:\/\/verschluss.de\/en\/pfefferkorn\/pfdosen_blog\/","title":{"rendered":"St\u00fclpdeckeldosen"},"content":{"rendered":"<div data-elementor-type=\"wp-post\" data-elementor-id=\"12772\" class=\"elementor elementor-12772\" data-elementor-post-type=\"post\">\n\t\t\t\t\t\t<section class=\"elementor-section elementor-top-section elementor-element elementor-element-d44c732 elementor-section-boxed elementor-section-height-default elementor-section-height-default\" data-id=\"d44c732\" data-element_type=\"section\" data-e-type=\"section\" data-settings=\"{&quot;jet_parallax_layout_list&quot;:[]}\">\n\t\t\t\t\t\t<div class=\"elementor-container elementor-column-gap-default\">\n\t\t\t\t\t<div class=\"elementor-column elementor-col-100 elementor-top-column elementor-element elementor-element-635163a\" data-id=\"635163a\" data-element_type=\"column\" data-e-type=\"column\">\n\t\t\t<div class=\"elementor-widget-wrap elementor-element-populated\">\n\t\t\t\t\t\t<div class=\"elementor-element elementor-element-43f913f elementor-widget__width-initial elementor-widget elementor-widget-text-editor\" data-id=\"43f913f\" data-element_type=\"widget\" data-e-type=\"widget\" data-widget_type=\"text-editor.default\">\n\t\t\t\t<div class=\"elementor-widget-container\">\n\t\t\t\t\t\t\t\t\t<p>Dosen sind bekanntlich ein zylindrischer oder quaderf\u00f6rmiger Gegenstand zum Transportieren oder Aufbewahren von Fl\u00fcssigkeiten oder festen Stoffen. Sie bestehen aus verschiedenen Gr\u00f6\u00dfen, Formen und Farben, angepasst an ihren jeweiligen Einsatzzweck. So weit, so gut.<\/p><p>Namensgebend ist der Sitz des Deckels, der \u00fcber den Rand der \u00d6ffnung gest\u00fclpt wird und die Dose somit von au\u00dfen verschlie\u00dft. St\u00fclpdeckeldosen haben den Vorteil, dass sie stabil, stapelbar und wiederverwendbar sind. Au\u00dferdem k\u00f6nnen sie individuell gestaltet und bedruckt werden.<\/p><p>Die bew\u00e4hrten St\u00fclpdeckeldosen von Pfefferkorn &amp; Co finden ihren Haupteinsatz im Brunnenbau. Um die erforderlichen Bodenproben sicher und frei von Kontamination ins Labor zu bringen, werden gerne die St\u00fclpdeckeldosen mit 700 ml bzw. 1.000 ml Fassungsverm\u00f6gen verwendet.<br \/><br \/>Auch wir haben unsere St\u00fclpdeckeldosen im Einsatz, z.B. zum Schutz unserer R\u00fcckstellproben von Granulaten. Aber auch Materialmuster mit einem der daraus entstehenden Formteile verpacken wir gerne in St\u00fclpdeckeldosen. Und die Stopfen, \u00dcberkappen, Zierkappen, B\u00fcgel- und Vierdrahtverschl\u00fcsse auch.<\/p><p>Wir bieten die Dosen in glasklarer Version (PS) und schwarzem Deckel (PE) standardm\u00e4\u00dfig an. Aber wie immer im Team verschluss.de sind auch hier individuelle Bedruckung oder Farbvarianten \u2013 je nach Wunsch des Kunden \u2013 m\u00f6glich. Bei Interesse unterbreiten wir Ihnen gerne ein unverbindliches Angebot.<\/p>\t\t\t\t\t\t\t\t<\/div>\n\t\t\t\t<\/div>\n\t\t\t\t\t<\/div>\n\t\t<\/div>\n\t\t\t\t\t<\/div>\n\t\t<\/section>\n\t\t\t\t<section class=\"elementor-section elementor-top-section elementor-element elementor-element-8050def elementor-section-boxed elementor-section-height-default elementor-section-height-default\" data-id=\"8050def\" data-element_type=\"section\" data-e-type=\"section\" data-settings=\"{&quot;jet_parallax_layout_list&quot;:[]}\">\n\t\t\t\t\t\t<div class=\"elementor-container elementor-column-gap-default\">\n\t\t\t\t\t<div class=\"elementor-column elementor-col-20 elementor-top-column elementor-element elementor-element-9bbceb2\" data-id=\"9bbceb2\" data-element_type=\"column\" data-e-type=\"column\">\n\t\t\t<div class=\"elementor-widget-wrap\">\n\t\t\t\t\t\t\t<\/div>\n\t\t<\/div>\n\t\t\t\t<div class=\"elementor-column elementor-col-20 elementor-top-column elementor-element elementor-element-9c4e7e8\" data-id=\"9c4e7e8\" data-element_type=\"column\" data-e-type=\"column\">\n\t\t\t<div class=\"elementor-widget-wrap\">\n\t\t\t\t\t\t\t<\/div>\n\t\t<\/div>\n\t\t\t\t<div class=\"elementor-column elementor-col-20 elementor-top-column elementor-element elementor-element-41ba30b\" data-id=\"41ba30b\" data-element_type=\"column\" data-e-type=\"column\">\n\t\t\t<div class=\"elementor-widget-wrap elementor-element-populated\">\n\t\t\t\t\t\t<div class=\"elementor-element elementor-element-e117ae5 elementor-widget elementor-widget-button\" data-id=\"e117ae5\" data-element_type=\"widget\" data-e-type=\"widget\" data-widget_type=\"button.default\">\n\t\t\t\t<div class=\"elementor-widget-container\">\n\t\t\t\t\t\t\t\t\t<div class=\"elementor-button-wrapper\">\n\t\t\t\t\t<a class=\"elementor-button elementor-button-link elementor-size-sm\" href=\"https:\/\/verschluss.de\/en\/pfefferkorn\/probenbehaelter\/\" target=\"_blank\">\n\t\t\t\t\t\t<span class=\"elementor-button-content-wrapper\">\n\t\t\t\t\t\t\t\t\t<span class=\"elementor-button-text\">sample boxes<\/span>\n\t\t\t\t\t<\/span>\n\t\t\t\t\t<\/a>\n\t\t\t\t<\/div>\n\t\t\t\t\t\t\t\t<\/div>\n\t\t\t\t<\/div>\n\t\t\t\t\t<\/div>\n\t\t<\/div>\n\t\t\t\t<div class=\"elementor-column elementor-col-20 elementor-top-column elementor-element elementor-element-f2b7930\" data-id=\"f2b7930\" data-element_type=\"column\" data-e-type=\"column\">\n\t\t\t<div class=\"elementor-widget-wrap\">\n\t\t\t\t\t\t\t<\/div>\n\t\t<\/div>\n\t\t\t\t<div class=\"elementor-column elementor-col-20 elementor-top-column elementor-element elementor-element-d7f0bc7\" data-id=\"d7f0bc7\" data-element_type=\"column\" data-e-type=\"column\">\n\t\t\t<div class=\"elementor-widget-wrap\">\n\t\t\t\t\t\t\t<\/div>\n\t\t<\/div>\n\t\t\t\t\t<\/div>\n\t\t<\/section>\n\t\t\t\t<\/div>","protected":false},"excerpt":{"rendered":"<p>Was sind eigentlich St\u00fclpdeckeldosen und wof\u00fcr werden sie ben\u00f6tigt?<\/p>","protected":false},"author":5,"featured_media":12774,"comment_status":"open","ping_status":"open","sticky":false,"template":"","format":"standard","meta":{"site-sidebar-layout":"default","site-content-layout":"","ast-site-content-layout":"default","site-content-style":"default","site-sidebar-style":"default","ast-global-header-display":"","ast-banner-title-visibility":"","ast-main-header-display":"","ast-hfb-above-header-display":"","ast-hfb-below-header-display":"","ast-hfb-mobile-header-display":"","site-post-title":"","ast-breadcrumbs-content":"","ast-featured-img":"","footer-sml-layout":"","ast-disable-related-posts":"","theme-transparent-header-meta":"","adv-header-id-meta":"","stick-header-meta":"","header-above-stick-meta":"","header-main-stick-meta":"","header-below-stick-meta":"","astra-migrate-meta-layouts":"set","ast-page-background-enabled":"default","ast-page-background-meta":{"desktop":{"background-color":"var(--ast-global-color-4)","background-image":"","background-repeat":"repeat","background-position":"center center","background-size":"auto","background-attachment":"scroll","background-type":"","background-media":"","overlay-type":"","overlay-color":"","overlay-opacity":"","overlay-gradient":""},"tablet":{"background-color":"","background-image":"","background-repeat":"repeat","background-position":"center center","background-size":"auto","background-attachment":"scroll","background-type":"","background-media":"","overlay-type":"","overlay-color":"","overlay-opacity":"","overlay-gradient":""},"mobile":{"background-color":"","background-image":"","background-repeat":"repeat","background-position":"center center","background-size":"auto","background-attachment":"scroll","background-type":"","background-media":"","overlay-type":"","overlay-color":"","overlay-opacity":"","overlay-gradient":""}},"ast-content-background-meta":{"desktop":{"background-color":"var(--ast-global-color-5)","background-image":"","background-repeat":"repeat","background-position":"center center","background-size":"auto","background-attachment":"scroll","background-type":"","background-media":"","overlay-type":"","overlay-color":"","overlay-opacity":"","overlay-gradient":""},"tablet":{"background-color":"var(--ast-global-color-5)","background-image":"","background-repeat":"repeat","background-position":"center center","background-size":"auto","background-attachment":"scroll","background-type":"","background-media":"","overlay-type":"","overlay-color":"","overlay-opacity":"","overlay-gradient":""},"mobile":{"background-color":"var(--ast-global-color-5)","background-image":"","background-repeat":"repeat","background-position":"center center","background-size":"auto","background-attachment":"scroll","background-type":"","background-media":"","overlay-type":"","overlay-color":"","overlay-opacity":"","overlay-gradient":""}},"footnotes":""},"categories":[8],"tags":[],"class_list":["post-12772","post","type-post","status-publish","format-standard","has-post-thumbnail","hentry","category-pfefferkorn"],"yoast_head":"<!-- This site is optimized with the Yoast SEO plugin v27.4 - https:\/\/yoast.com\/product\/yoast-seo-wordpress\/ -->\n<title>Wir schalten nicht nur in Schaltjahren<\/title>\n<meta name=\"description\" content=\"Wir schalten und walten f\u00fcr Ihre technischen Kunststoffteile, um so Ihre Betriebskosten und den Energieverbrauch zu senken\" \/>\n<meta name=\"robots\" content=\"index, follow, max-snippet:-1, max-image-preview:large, max-video-preview:-1\" \/>\n<link rel=\"canonical\" href=\"https:\/\/verschluss.de\/en\/pfefferkorn\/pfdosen_blog\/\" \/>\n<meta property=\"og:locale\" content=\"en_GB\" \/>\n<meta property=\"og:type\" content=\"article\" \/>\n<meta property=\"og:title\" content=\"Wir schalten nicht nur in Schaltjahren\" \/>\n<meta property=\"og:description\" content=\"Wir schalten und walten f\u00fcr Ihre technischen Kunststoffteile, um so Ihre Betriebskosten und den Energieverbrauch zu senken\" \/>\n<meta property=\"og:url\" content=\"https:\/\/verschluss.de\/en\/pfefferkorn\/pfdosen_blog\/\" \/>\n<meta property=\"og:site_name\" content=\"Verschluss.de\" \/>\n<meta property=\"article:published_time\" content=\"2024-03-13T03:00:00+00:00\" \/>\n<meta property=\"article:modified_time\" content=\"2024-03-19T11:06:28+00:00\" \/>\n<meta property=\"og:image\" content=\"https:\/\/verschluss.de\/wp-content\/uploads\/2024\/03\/2024-03-13-Stuelpdeckeldose-20240209_104358-KLEIN.jpg\" \/>\n\t<meta property=\"og:image:width\" content=\"2500\" \/>\n\t<meta property=\"og:image:height\" content=\"1875\" \/>\n\t<meta property=\"og:image:type\" content=\"image\/jpeg\" \/>\n<meta name=\"author\" content=\"Bianka Teinze\" \/>\n<meta name=\"twitter:card\" content=\"summary_large_image\" \/>\n<meta name=\"twitter:label1\" content=\"Written by\" \/>\n\t<meta name=\"twitter:data1\" content=\"Bianka Teinze\" \/>\n\t<meta name=\"twitter:label2\" content=\"Estimated reading time\" \/>\n\t<meta name=\"twitter:data2\" content=\"2 minutes\" \/>\n<script type=\"application\/ld+json\" class=\"yoast-schema-graph\">{\"@context\":\"https:\\\/\\\/schema.org\",\"@graph\":[{\"@type\":\"Article\",\"@id\":\"https:\\\/\\\/verschluss.de\\\/pfefferkorn\\\/pfdosen_blog\\\/#article\",\"isPartOf\":{\"@id\":\"https:\\\/\\\/verschluss.de\\\/pfefferkorn\\\/pfdosen_blog\\\/\"},\"author\":{\"name\":\"Bianka Teinze\",\"@id\":\"https:\\\/\\\/verschluss.de\\\/#\\\/schema\\\/person\\\/87d2c259dcb40033e79c398b6682e8a3\"},\"headline\":\"St\u00fclpdeckeldosen\",\"datePublished\":\"2024-03-13T03:00:00+00:00\",\"dateModified\":\"2024-03-19T11:06:28+00:00\",\"mainEntityOfPage\":{\"@id\":\"https:\\\/\\\/verschluss.de\\\/pfefferkorn\\\/pfdosen_blog\\\/\"},\"wordCount\":214,\"commentCount\":0,\"image\":{\"@id\":\"https:\\\/\\\/verschluss.de\\\/pfefferkorn\\\/pfdosen_blog\\\/#primaryimage\"},\"thumbnailUrl\":\"https:\\\/\\\/verschluss.de\\\/wp-content\\\/uploads\\\/2024\\\/03\\\/2024-03-13-Stuelpdeckeldose-20240209_104358-KLEIN.jpg\",\"articleSection\":[\"Pfefferkorn\"],\"inLanguage\":\"en-GB\",\"potentialAction\":[{\"@type\":\"CommentAction\",\"name\":\"Comment\",\"target\":[\"https:\\\/\\\/verschluss.de\\\/pfefferkorn\\\/pfdosen_blog\\\/#respond\"]}]},{\"@type\":\"WebPage\",\"@id\":\"https:\\\/\\\/verschluss.de\\\/pfefferkorn\\\/pfdosen_blog\\\/\",\"url\":\"https:\\\/\\\/verschluss.de\\\/pfefferkorn\\\/pfdosen_blog\\\/\",\"name\":\"Wir schalten nicht nur in Schaltjahren\",\"isPartOf\":{\"@id\":\"https:\\\/\\\/verschluss.de\\\/#website\"},\"primaryImageOfPage\":{\"@id\":\"https:\\\/\\\/verschluss.de\\\/pfefferkorn\\\/pfdosen_blog\\\/#primaryimage\"},\"image\":{\"@id\":\"https:\\\/\\\/verschluss.de\\\/pfefferkorn\\\/pfdosen_blog\\\/#primaryimage\"},\"thumbnailUrl\":\"https:\\\/\\\/verschluss.de\\\/wp-content\\\/uploads\\\/2024\\\/03\\\/2024-03-13-Stuelpdeckeldose-20240209_104358-KLEIN.jpg\",\"datePublished\":\"2024-03-13T03:00:00+00:00\",\"dateModified\":\"2024-03-19T11:06:28+00:00\",\"author\":{\"@id\":\"https:\\\/\\\/verschluss.de\\\/#\\\/schema\\\/person\\\/87d2c259dcb40033e79c398b6682e8a3\"},\"description\":\"Wir schalten und walten f\u00fcr Ihre technischen Kunststoffteile, um so Ihre Betriebskosten und den Energieverbrauch zu senken\",\"breadcrumb\":{\"@id\":\"https:\\\/\\\/verschluss.de\\\/pfefferkorn\\\/pfdosen_blog\\\/#breadcrumb\"},\"inLanguage\":\"en-GB\",\"potentialAction\":[{\"@type\":\"ReadAction\",\"target\":[\"https:\\\/\\\/verschluss.de\\\/pfefferkorn\\\/pfdosen_blog\\\/\"]}]},{\"@type\":\"ImageObject\",\"inLanguage\":\"en-GB\",\"@id\":\"https:\\\/\\\/verschluss.de\\\/pfefferkorn\\\/pfdosen_blog\\\/#primaryimage\",\"url\":\"https:\\\/\\\/verschluss.de\\\/wp-content\\\/uploads\\\/2024\\\/03\\\/2024-03-13-Stuelpdeckeldose-20240209_104358-KLEIN.jpg\",\"contentUrl\":\"https:\\\/\\\/verschluss.de\\\/wp-content\\\/uploads\\\/2024\\\/03\\\/2024-03-13-Stuelpdeckeldose-20240209_104358-KLEIN.jpg\",\"width\":2500,\"height\":1875,\"caption\":\"St\u00fclpdeckeldosen von Pfefferkorn\"},{\"@type\":\"BreadcrumbList\",\"@id\":\"https:\\\/\\\/verschluss.de\\\/pfefferkorn\\\/pfdosen_blog\\\/#breadcrumb\",\"itemListElement\":[{\"@type\":\"ListItem\",\"position\":1,\"name\":\"Startseite\",\"item\":\"https:\\\/\\\/verschluss.de\\\/\"},{\"@type\":\"ListItem\",\"position\":2,\"name\":\"St\u00fclpdeckeldosen\"}]},{\"@type\":\"WebSite\",\"@id\":\"https:\\\/\\\/verschluss.de\\\/#website\",\"url\":\"https:\\\/\\\/verschluss.de\\\/\",\"name\":\"Verschluss.de\",\"description\":\"Wir entwickeln und realisieren Ihre Visionen in der Welt der Thermoplaste\",\"potentialAction\":[{\"@type\":\"SearchAction\",\"target\":{\"@type\":\"EntryPoint\",\"urlTemplate\":\"https:\\\/\\\/verschluss.de\\\/?s={search_term_string}\"},\"query-input\":{\"@type\":\"PropertyValueSpecification\",\"valueRequired\":true,\"valueName\":\"search_term_string\"}}],\"inLanguage\":\"en-GB\"},{\"@type\":\"Person\",\"@id\":\"https:\\\/\\\/verschluss.de\\\/#\\\/schema\\\/person\\\/87d2c259dcb40033e79c398b6682e8a3\",\"name\":\"Bianka Teinze\",\"image\":{\"@type\":\"ImageObject\",\"inLanguage\":\"en-GB\",\"@id\":\"https:\\\/\\\/secure.gravatar.com\\\/avatar\\\/c0d8b52e710e03a2416019ddedca06b038a3bf745c9b4ccb1e9f8c355e76be7f?s=96&d=mm&r=g\",\"url\":\"https:\\\/\\\/secure.gravatar.com\\\/avatar\\\/c0d8b52e710e03a2416019ddedca06b038a3bf745c9b4ccb1e9f8c355e76be7f?s=96&d=mm&r=g\",\"contentUrl\":\"https:\\\/\\\/secure.gravatar.com\\\/avatar\\\/c0d8b52e710e03a2416019ddedca06b038a3bf745c9b4ccb1e9f8c355e76be7f?s=96&d=mm&r=g\",\"caption\":\"Bianka Teinze\"},\"sameAs\":[\"https:\\\/\\\/verschluss.de\\\/\"],\"url\":\"https:\\\/\\\/verschluss.de\\\/en\\\/author\\\/biankateinze\\\/\"}]}<\/script>\n<!-- \/ Yoast SEO plugin. -->","yoast_head_json":{"title":"Wir schalten nicht nur in Schaltjahren","description":"Wir schalten und walten f\u00fcr Ihre technischen Kunststoffteile, um so Ihre Betriebskosten und den Energieverbrauch zu senken","robots":{"index":"index","follow":"follow","max-snippet":"max-snippet:-1","max-image-preview":"max-image-preview:large","max-video-preview":"max-video-preview:-1"},"canonical":"https:\/\/verschluss.de\/en\/pfefferkorn\/pfdosen_blog\/","og_locale":"en_GB","og_type":"article","og_title":"Wir schalten nicht nur in Schaltjahren","og_description":"Wir schalten und walten f\u00fcr Ihre technischen Kunststoffteile, um so Ihre Betriebskosten und den Energieverbrauch zu senken","og_url":"https:\/\/verschluss.de\/en\/pfefferkorn\/pfdosen_blog\/","og_site_name":"Verschluss.de","article_published_time":"2024-03-13T03:00:00+00:00","article_modified_time":"2024-03-19T11:06:28+00:00","og_image":[{"width":2500,"height":1875,"url":"https:\/\/verschluss.de\/wp-content\/uploads\/2024\/03\/2024-03-13-Stuelpdeckeldose-20240209_104358-KLEIN.jpg","type":"image\/jpeg"}],"author":"Bianka Teinze","twitter_card":"summary_large_image","twitter_misc":{"Written by":"Bianka Teinze","Estimated reading time":"2 minutes"},"schema":{"@context":"https:\/\/schema.org","@graph":[{"@type":"Article","@id":"https:\/\/verschluss.de\/pfefferkorn\/pfdosen_blog\/#article","isPartOf":{"@id":"https:\/\/verschluss.de\/pfefferkorn\/pfdosen_blog\/"},"author":{"name":"Bianka Teinze","@id":"https:\/\/verschluss.de\/#\/schema\/person\/87d2c259dcb40033e79c398b6682e8a3"},"headline":"St\u00fclpdeckeldosen","datePublished":"2024-03-13T03:00:00+00:00","dateModified":"2024-03-19T11:06:28+00:00","mainEntityOfPage":{"@id":"https:\/\/verschluss.de\/pfefferkorn\/pfdosen_blog\/"},"wordCount":214,"commentCount":0,"image":{"@id":"https:\/\/verschluss.de\/pfefferkorn\/pfdosen_blog\/#primaryimage"},"thumbnailUrl":"https:\/\/verschluss.de\/wp-content\/uploads\/2024\/03\/2024-03-13-Stuelpdeckeldose-20240209_104358-KLEIN.jpg","articleSection":["Pfefferkorn"],"inLanguage":"en-GB","potentialAction":[{"@type":"CommentAction","name":"Comment","target":["https:\/\/verschluss.de\/pfefferkorn\/pfdosen_blog\/#respond"]}]},{"@type":"WebPage","@id":"https:\/\/verschluss.de\/pfefferkorn\/pfdosen_blog\/","url":"https:\/\/verschluss.de\/pfefferkorn\/pfdosen_blog\/","name":"Wir schalten nicht nur in Schaltjahren","isPartOf":{"@id":"https:\/\/verschluss.de\/#website"},"primaryImageOfPage":{"@id":"https:\/\/verschluss.de\/pfefferkorn\/pfdosen_blog\/#primaryimage"},"image":{"@id":"https:\/\/verschluss.de\/pfefferkorn\/pfdosen_blog\/#primaryimage"},"thumbnailUrl":"https:\/\/verschluss.de\/wp-content\/uploads\/2024\/03\/2024-03-13-Stuelpdeckeldose-20240209_104358-KLEIN.jpg","datePublished":"2024-03-13T03:00:00+00:00","dateModified":"2024-03-19T11:06:28+00:00","author":{"@id":"https:\/\/verschluss.de\/#\/schema\/person\/87d2c259dcb40033e79c398b6682e8a3"},"description":"Wir schalten und walten f\u00fcr Ihre technischen Kunststoffteile, um so Ihre Betriebskosten und den Energieverbrauch zu senken","breadcrumb":{"@id":"https:\/\/verschluss.de\/pfefferkorn\/pfdosen_blog\/#breadcrumb"},"inLanguage":"en-GB","potentialAction":[{"@type":"ReadAction","target":["https:\/\/verschluss.de\/pfefferkorn\/pfdosen_blog\/"]}]},{"@type":"ImageObject","inLanguage":"en-GB","@id":"https:\/\/verschluss.de\/pfefferkorn\/pfdosen_blog\/#primaryimage","url":"https:\/\/verschluss.de\/wp-content\/uploads\/2024\/03\/2024-03-13-Stuelpdeckeldose-20240209_104358-KLEIN.jpg","contentUrl":"https:\/\/verschluss.de\/wp-content\/uploads\/2024\/03\/2024-03-13-Stuelpdeckeldose-20240209_104358-KLEIN.jpg","width":2500,"height":1875,"caption":"St\u00fclpdeckeldosen von Pfefferkorn"},{"@type":"BreadcrumbList","@id":"https:\/\/verschluss.de\/pfefferkorn\/pfdosen_blog\/#breadcrumb","itemListElement":[{"@type":"ListItem","position":1,"name":"Startseite","item":"https:\/\/verschluss.de\/"},{"@type":"ListItem","position":2,"name":"St\u00fclpdeckeldosen"}]},{"@type":"WebSite","@id":"https:\/\/verschluss.de\/#website","url":"https:\/\/verschluss.de\/","name":"Verschluss.de","description":"Wir entwickeln und realisieren Ihre Visionen in der Welt der Thermoplaste","potentialAction":[{"@type":"SearchAction","target":{"@type":"EntryPoint","urlTemplate":"https:\/\/verschluss.de\/?s={search_term_string}"},"query-input":{"@type":"PropertyValueSpecification","valueRequired":true,"valueName":"search_term_string"}}],"inLanguage":"en-GB"},{"@type":"Person","@id":"https:\/\/verschluss.de\/#\/schema\/person\/87d2c259dcb40033e79c398b6682e8a3","name":"Bianka Teinze","image":{"@type":"ImageObject","inLanguage":"en-GB","@id":"https:\/\/secure.gravatar.com\/avatar\/c0d8b52e710e03a2416019ddedca06b038a3bf745c9b4ccb1e9f8c355e76be7f?s=96&d=mm&r=g","url":"https:\/\/secure.gravatar.com\/avatar\/c0d8b52e710e03a2416019ddedca06b038a3bf745c9b4ccb1e9f8c355e76be7f?s=96&d=mm&r=g","contentUrl":"https:\/\/secure.gravatar.com\/avatar\/c0d8b52e710e03a2416019ddedca06b038a3bf745c9b4ccb1e9f8c355e76be7f?s=96&d=mm&r=g","caption":"Bianka Teinze"},"sameAs":["https:\/\/verschluss.de\/"],"url":"https:\/\/verschluss.de\/en\/author\/biankateinze\/"}]}},"_links":{"self":[{"href":"https:\/\/verschluss.de\/en\/wp-json\/wp\/v2\/posts\/12772","targetHints":{"allow":["GET"]}}],"collection":[{"href":"https:\/\/verschluss.de\/en\/wp-json\/wp\/v2\/posts"}],"about":[{"href":"https:\/\/verschluss.de\/en\/wp-json\/wp\/v2\/types\/post"}],"author":[{"embeddable":true,"href":"https:\/\/verschluss.de\/en\/wp-json\/wp\/v2\/users\/5"}],"replies":[{"embeddable":true,"href":"https:\/\/verschluss.de\/en\/wp-json\/wp\/v2\/comments?post=12772"}],"version-history":[{"count":10,"href":"https:\/\/verschluss.de\/en\/wp-json\/wp\/v2\/posts\/12772\/revisions"}],"predecessor-version":[{"id":12801,"href":"https:\/\/verschluss.de\/en\/wp-json\/wp\/v2\/posts\/12772\/revisions\/12801"}],"wp:featuredmedia":[{"embeddable":true,"href":"https:\/\/verschluss.de\/en\/wp-json\/wp\/v2\/media\/12774"}],"wp:attachment":[{"href":"https:\/\/verschluss.de\/en\/wp-json\/wp\/v2\/media?parent=12772"}],"wp:term":[{"taxonomy":"category","embeddable":true,"href":"https:\/\/verschluss.de\/en\/wp-json\/wp\/v2\/categories?post=12772"},{"taxonomy":"post_tag","embeddable":true,"href":"https:\/\/verschluss.de\/en\/wp-json\/wp\/v2\/tags?post=12772"}],"curies":[{"name":"wp","href":"https:\/\/api.w.org\/{rel}","templated":true}]}}