{"id":3813,"date":"2021-03-31T14:16:00","date_gmt":"2021-03-31T12:16:00","guid":{"rendered":"https:\/\/www.neu.schneider-icas-gruppe.com\/?p=3813"},"modified":"2022-03-04T12:55:03","modified_gmt":"2022-03-04T11:55:03","slug":"ostern2021","status":"publish","type":"post","link":"https:\/\/verschluss.de\/en\/pfefferkorn\/ostern2021\/","title":{"rendered":"Ostern 2021"},"content":{"rendered":"<div data-elementor-type=\"wp-post\" data-elementor-id=\"3813\" class=\"elementor elementor-3813\" data-elementor-post-type=\"post\">\n\t\t\t\t\t\t<section class=\"elementor-section elementor-top-section elementor-element elementor-element-30370952 elementor-section-boxed elementor-section-height-default elementor-section-height-default\" data-id=\"30370952\" data-element_type=\"section\" data-e-type=\"section\" data-settings=\"{&quot;jet_parallax_layout_list&quot;:[]}\">\n\t\t\t\t\t\t<div class=\"elementor-container elementor-column-gap-default\">\n\t\t\t\t\t<div class=\"elementor-column elementor-col-100 elementor-top-column elementor-element elementor-element-5c380377\" data-id=\"5c380377\" data-element_type=\"column\" data-e-type=\"column\">\n\t\t\t<div class=\"elementor-widget-wrap elementor-element-populated\">\n\t\t\t\t\t\t<div class=\"elementor-element elementor-element-3dc4a0ee elementor-widget elementor-widget-text-editor\" data-id=\"3dc4a0ee\" data-element_type=\"widget\" data-e-type=\"widget\" data-widget_type=\"text-editor.default\">\n\t\t\t\t<div class=\"elementor-widget-container\">\n\t\t\t\t\t\t\t\t\t\n<p>Treffen mit der ganzen Familie, Kaffee und Kuchen, Osternester suchen, Besuch der Ostermesse \u2026 das wird es 2021 auch nicht geben.\u00a0 H\u00f6chstens virtuell. Das spart nat\u00fcrlich Benzin und Kalorien, aber die Eiersuche wird vermutlich mehr zu einer Moorhuhnjagd mutieren.<\/p>\n\n<p>Aber mit ein bisschen Willen und guten Gedanken wird es schon gehen, im Vertrauen darauf, dass 2022 endlich wieder alles normal ist und wir mit unserer Familie und unseren Freunden gemeinsam ein sch\u00f6nes Osterfest feiern k\u00f6nnen.<\/p>\n\n<p>Bis dahin k\u00f6nnen Sie ja mit unseren bunten Stopfen und Zierkappen ein au\u00dfergew\u00f6hnliches Osternest gestalten.<\/p>\n\n<p><strong>Wir w\u00fcnschen all unseren Kunden, Freunden, Mitarbeitern und ihren Familien trotz allem gl\u00fcckliche Osterfeiertage.<\/strong><\/p>\n\t\t\t\t\t\t\t\t<\/div>\n\t\t\t\t<\/div>\n\t\t\t\t\t<\/div>\n\t\t<\/div>\n\t\t\t\t\t<\/div>\n\t\t<\/section>\n\t\t\t\t<\/div>","protected":false},"excerpt":{"rendered":"<p>Ostern 2021 ist anders \u2013 warum sollen wir also nicht auch mal anders kreativ werden?<\/p>","protected":false},"author":1,"featured_media":0,"comment_status":"open","ping_status":"open","sticky":false,"template":"","format":"standard","meta":{"site-sidebar-layout":"default","site-content-layout":"","ast-site-content-layout":"default","site-content-style":"default","site-sidebar-style":"default","ast-global-header-display":"","ast-banner-title-visibility":"","ast-main-header-display":"","ast-hfb-above-header-display":"","ast-hfb-below-header-display":"","ast-hfb-mobile-header-display":"","site-post-title":"","ast-breadcrumbs-content":"","ast-featured-img":"","footer-sml-layout":"","ast-disable-related-posts":"","theme-transparent-header-meta":"","adv-header-id-meta":"","stick-header-meta":"","header-above-stick-meta":"","header-main-stick-meta":"","header-below-stick-meta":"","astra-migrate-meta-layouts":"default","ast-page-background-enabled":"default","ast-page-background-meta":{"desktop":{"background-color":"var(--ast-global-color-4)","background-image":"","background-repeat":"repeat","background-position":"center center","background-size":"auto","background-attachment":"scroll","background-type":"","background-media":"","overlay-type":"","overlay-color":"","overlay-opacity":"","overlay-gradient":""},"tablet":{"background-color":"","background-image":"","background-repeat":"repeat","background-position":"center center","background-size":"auto","background-attachment":"scroll","background-type":"","background-media":"","overlay-type":"","overlay-color":"","overlay-opacity":"","overlay-gradient":""},"mobile":{"background-color":"","background-image":"","background-repeat":"repeat","background-position":"center center","background-size":"auto","background-attachment":"scroll","background-type":"","background-media":"","overlay-type":"","overlay-color":"","overlay-opacity":"","overlay-gradient":""}},"ast-content-background-meta":{"desktop":{"background-color":"var(--ast-global-color-5)","background-image":"","background-repeat":"repeat","background-position":"center center","background-size":"auto","background-attachment":"scroll","background-type":"","background-media":"","overlay-type":"","overlay-color":"","overlay-opacity":"","overlay-gradient":""},"tablet":{"background-color":"var(--ast-global-color-5)","background-image":"","background-repeat":"repeat","background-position":"center center","background-size":"auto","background-attachment":"scroll","background-type":"","background-media":"","overlay-type":"","overlay-color":"","overlay-opacity":"","overlay-gradient":""},"mobile":{"background-color":"var(--ast-global-color-5)","background-image":"","background-repeat":"repeat","background-position":"center center","background-size":"auto","background-attachment":"scroll","background-type":"","background-media":"","overlay-type":"","overlay-color":"","overlay-opacity":"","overlay-gradient":""}},"footnotes":""},"categories":[8],"tags":[],"class_list":["post-3813","post","type-post","status-publish","format-standard","hentry","category-pfefferkorn"],"yoast_head":"<!-- This site is optimized with the Yoast SEO plugin v27.4 - https:\/\/yoast.com\/product\/yoast-seo-wordpress\/ -->\n<title>Ostern 2021 - Verschluss.de<\/title>\n<meta name=\"robots\" content=\"index, follow, max-snippet:-1, max-image-preview:large, max-video-preview:-1\" \/>\n<link rel=\"canonical\" href=\"https:\/\/verschluss.de\/en\/pfefferkorn\/ostern2021\/\" \/>\n<meta property=\"og:locale\" content=\"en_GB\" \/>\n<meta property=\"og:type\" content=\"article\" \/>\n<meta property=\"og:title\" content=\"Ostern 2021 - Verschluss.de\" \/>\n<meta property=\"og:description\" content=\"Ostern 2021 ist anders \u2013 warum sollen wir also nicht auch mal anders kreativ werden?\" \/>\n<meta property=\"og:url\" content=\"https:\/\/verschluss.de\/en\/pfefferkorn\/ostern2021\/\" \/>\n<meta property=\"og:site_name\" content=\"Verschluss.de\" \/>\n<meta property=\"article:published_time\" content=\"2021-03-31T12:16:00+00:00\" \/>\n<meta property=\"article:modified_time\" content=\"2022-03-04T11:55:03+00:00\" \/>\n<meta property=\"og:image\" content=\"https:\/\/verschluss.de\/wp-content\/uploads\/2021\/12\/Ostern-2021-1080x675-1.jpg\" \/>\n\t<meta property=\"og:image:width\" content=\"1080\" \/>\n\t<meta property=\"og:image:height\" content=\"675\" \/>\n\t<meta property=\"og:image:type\" content=\"image\/jpeg\" \/>\n<meta name=\"author\" content=\"AndiKopp\" \/>\n<meta name=\"twitter:card\" content=\"summary_large_image\" \/>\n<meta name=\"twitter:label1\" content=\"Written by\" \/>\n\t<meta name=\"twitter:data1\" content=\"AndiKopp\" \/>\n\t<meta name=\"twitter:label2\" content=\"Estimated reading time\" \/>\n\t<meta name=\"twitter:data2\" content=\"1 minute\" \/>\n<script type=\"application\/ld+json\" class=\"yoast-schema-graph\">{\"@context\":\"https:\\\/\\\/schema.org\",\"@graph\":[{\"@type\":\"Article\",\"@id\":\"https:\\\/\\\/verschluss.de\\\/pfefferkorn\\\/ostern2021\\\/#article\",\"isPartOf\":{\"@id\":\"https:\\\/\\\/verschluss.de\\\/pfefferkorn\\\/ostern2021\\\/\"},\"author\":{\"name\":\"AndiKopp\",\"@id\":\"https:\\\/\\\/verschluss.de\\\/#\\\/schema\\\/person\\\/d1c51f93627182cb8f1c3cc2a67fbeab\"},\"headline\":\"Ostern 2021\",\"datePublished\":\"2021-03-31T12:16:00+00:00\",\"dateModified\":\"2022-03-04T11:55:03+00:00\",\"mainEntityOfPage\":{\"@id\":\"https:\\\/\\\/verschluss.de\\\/pfefferkorn\\\/ostern2021\\\/\"},\"wordCount\":112,\"commentCount\":0,\"articleSection\":[\"Pfefferkorn\"],\"inLanguage\":\"en-GB\",\"potentialAction\":[{\"@type\":\"CommentAction\",\"name\":\"Comment\",\"target\":[\"https:\\\/\\\/verschluss.de\\\/pfefferkorn\\\/ostern2021\\\/#respond\"]}]},{\"@type\":\"WebPage\",\"@id\":\"https:\\\/\\\/verschluss.de\\\/pfefferkorn\\\/ostern2021\\\/\",\"url\":\"https:\\\/\\\/verschluss.de\\\/pfefferkorn\\\/ostern2021\\\/\",\"name\":\"Ostern 2021 - Verschluss.de\",\"isPartOf\":{\"@id\":\"https:\\\/\\\/verschluss.de\\\/#website\"},\"datePublished\":\"2021-03-31T12:16:00+00:00\",\"dateModified\":\"2022-03-04T11:55:03+00:00\",\"author\":{\"@id\":\"https:\\\/\\\/verschluss.de\\\/#\\\/schema\\\/person\\\/d1c51f93627182cb8f1c3cc2a67fbeab\"},\"breadcrumb\":{\"@id\":\"https:\\\/\\\/verschluss.de\\\/pfefferkorn\\\/ostern2021\\\/#breadcrumb\"},\"inLanguage\":\"en-GB\",\"potentialAction\":[{\"@type\":\"ReadAction\",\"target\":[\"https:\\\/\\\/verschluss.de\\\/pfefferkorn\\\/ostern2021\\\/\"]}]},{\"@type\":\"BreadcrumbList\",\"@id\":\"https:\\\/\\\/verschluss.de\\\/pfefferkorn\\\/ostern2021\\\/#breadcrumb\",\"itemListElement\":[{\"@type\":\"ListItem\",\"position\":1,\"name\":\"Startseite\",\"item\":\"https:\\\/\\\/verschluss.de\\\/\"},{\"@type\":\"ListItem\",\"position\":2,\"name\":\"Ostern 2021\"}]},{\"@type\":\"WebSite\",\"@id\":\"https:\\\/\\\/verschluss.de\\\/#website\",\"url\":\"https:\\\/\\\/verschluss.de\\\/\",\"name\":\"Verschluss.de\",\"description\":\"Wir entwickeln und realisieren Ihre Visionen in der Welt der Thermoplaste\",\"potentialAction\":[{\"@type\":\"SearchAction\",\"target\":{\"@type\":\"EntryPoint\",\"urlTemplate\":\"https:\\\/\\\/verschluss.de\\\/?s={search_term_string}\"},\"query-input\":{\"@type\":\"PropertyValueSpecification\",\"valueRequired\":true,\"valueName\":\"search_term_string\"}}],\"inLanguage\":\"en-GB\"},{\"@type\":\"Person\",\"@id\":\"https:\\\/\\\/verschluss.de\\\/#\\\/schema\\\/person\\\/d1c51f93627182cb8f1c3cc2a67fbeab\",\"name\":\"AndiKopp\",\"image\":{\"@type\":\"ImageObject\",\"inLanguage\":\"en-GB\",\"@id\":\"https:\\\/\\\/secure.gravatar.com\\\/avatar\\\/43a09eaa646fa3c58fba5c40bc150ea256f71a0384d269e88dbd24c4c935eb81?s=96&d=mm&r=g\",\"url\":\"https:\\\/\\\/secure.gravatar.com\\\/avatar\\\/43a09eaa646fa3c58fba5c40bc150ea256f71a0384d269e88dbd24c4c935eb81?s=96&d=mm&r=g\",\"contentUrl\":\"https:\\\/\\\/secure.gravatar.com\\\/avatar\\\/43a09eaa646fa3c58fba5c40bc150ea256f71a0384d269e88dbd24c4c935eb81?s=96&d=mm&r=g\",\"caption\":\"AndiKopp\"},\"sameAs\":[\"http:\\\/\\\/neu.schneider-icas-gruppe.com\"],\"url\":\"https:\\\/\\\/verschluss.de\\\/en\\\/author\\\/andikopp\\\/\"}]}<\/script>\n<!-- \/ Yoast SEO plugin. -->","yoast_head_json":{"title":"Ostern 2021 - Verschluss.de","robots":{"index":"index","follow":"follow","max-snippet":"max-snippet:-1","max-image-preview":"max-image-preview:large","max-video-preview":"max-video-preview:-1"},"canonical":"https:\/\/verschluss.de\/en\/pfefferkorn\/ostern2021\/","og_locale":"en_GB","og_type":"article","og_title":"Ostern 2021 - Verschluss.de","og_description":"Ostern 2021 ist anders \u2013 warum sollen wir also nicht auch mal anders kreativ werden?","og_url":"https:\/\/verschluss.de\/en\/pfefferkorn\/ostern2021\/","og_site_name":"Verschluss.de","article_published_time":"2021-03-31T12:16:00+00:00","article_modified_time":"2022-03-04T11:55:03+00:00","og_image":[{"width":1080,"height":675,"url":"https:\/\/verschluss.de\/wp-content\/uploads\/2021\/12\/Ostern-2021-1080x675-1.jpg","type":"image\/jpeg"}],"author":"AndiKopp","twitter_card":"summary_large_image","twitter_misc":{"Written by":"AndiKopp","Estimated reading time":"1 minute"},"schema":{"@context":"https:\/\/schema.org","@graph":[{"@type":"Article","@id":"https:\/\/verschluss.de\/pfefferkorn\/ostern2021\/#article","isPartOf":{"@id":"https:\/\/verschluss.de\/pfefferkorn\/ostern2021\/"},"author":{"name":"AndiKopp","@id":"https:\/\/verschluss.de\/#\/schema\/person\/d1c51f93627182cb8f1c3cc2a67fbeab"},"headline":"Ostern 2021","datePublished":"2021-03-31T12:16:00+00:00","dateModified":"2022-03-04T11:55:03+00:00","mainEntityOfPage":{"@id":"https:\/\/verschluss.de\/pfefferkorn\/ostern2021\/"},"wordCount":112,"commentCount":0,"articleSection":["Pfefferkorn"],"inLanguage":"en-GB","potentialAction":[{"@type":"CommentAction","name":"Comment","target":["https:\/\/verschluss.de\/pfefferkorn\/ostern2021\/#respond"]}]},{"@type":"WebPage","@id":"https:\/\/verschluss.de\/pfefferkorn\/ostern2021\/","url":"https:\/\/verschluss.de\/pfefferkorn\/ostern2021\/","name":"Ostern 2021 - Verschluss.de","isPartOf":{"@id":"https:\/\/verschluss.de\/#website"},"datePublished":"2021-03-31T12:16:00+00:00","dateModified":"2022-03-04T11:55:03+00:00","author":{"@id":"https:\/\/verschluss.de\/#\/schema\/person\/d1c51f93627182cb8f1c3cc2a67fbeab"},"breadcrumb":{"@id":"https:\/\/verschluss.de\/pfefferkorn\/ostern2021\/#breadcrumb"},"inLanguage":"en-GB","potentialAction":[{"@type":"ReadAction","target":["https:\/\/verschluss.de\/pfefferkorn\/ostern2021\/"]}]},{"@type":"BreadcrumbList","@id":"https:\/\/verschluss.de\/pfefferkorn\/ostern2021\/#breadcrumb","itemListElement":[{"@type":"ListItem","position":1,"name":"Startseite","item":"https:\/\/verschluss.de\/"},{"@type":"ListItem","position":2,"name":"Ostern 2021"}]},{"@type":"WebSite","@id":"https:\/\/verschluss.de\/#website","url":"https:\/\/verschluss.de\/","name":"Verschluss.de","description":"Wir entwickeln und realisieren Ihre Visionen in der Welt der Thermoplaste","potentialAction":[{"@type":"SearchAction","target":{"@type":"EntryPoint","urlTemplate":"https:\/\/verschluss.de\/?s={search_term_string}"},"query-input":{"@type":"PropertyValueSpecification","valueRequired":true,"valueName":"search_term_string"}}],"inLanguage":"en-GB"},{"@type":"Person","@id":"https:\/\/verschluss.de\/#\/schema\/person\/d1c51f93627182cb8f1c3cc2a67fbeab","name":"AndiKopp","image":{"@type":"ImageObject","inLanguage":"en-GB","@id":"https:\/\/secure.gravatar.com\/avatar\/43a09eaa646fa3c58fba5c40bc150ea256f71a0384d269e88dbd24c4c935eb81?s=96&d=mm&r=g","url":"https:\/\/secure.gravatar.com\/avatar\/43a09eaa646fa3c58fba5c40bc150ea256f71a0384d269e88dbd24c4c935eb81?s=96&d=mm&r=g","contentUrl":"https:\/\/secure.gravatar.com\/avatar\/43a09eaa646fa3c58fba5c40bc150ea256f71a0384d269e88dbd24c4c935eb81?s=96&d=mm&r=g","caption":"AndiKopp"},"sameAs":["http:\/\/neu.schneider-icas-gruppe.com"],"url":"https:\/\/verschluss.de\/en\/author\/andikopp\/"}]}},"_links":{"self":[{"href":"https:\/\/verschluss.de\/en\/wp-json\/wp\/v2\/posts\/3813","targetHints":{"allow":["GET"]}}],"collection":[{"href":"https:\/\/verschluss.de\/en\/wp-json\/wp\/v2\/posts"}],"about":[{"href":"https:\/\/verschluss.de\/en\/wp-json\/wp\/v2\/types\/post"}],"author":[{"embeddable":true,"href":"https:\/\/verschluss.de\/en\/wp-json\/wp\/v2\/users\/1"}],"replies":[{"embeddable":true,"href":"https:\/\/verschluss.de\/en\/wp-json\/wp\/v2\/comments?post=3813"}],"version-history":[{"count":5,"href":"https:\/\/verschluss.de\/en\/wp-json\/wp\/v2\/posts\/3813\/revisions"}],"predecessor-version":[{"id":8063,"href":"https:\/\/verschluss.de\/en\/wp-json\/wp\/v2\/posts\/3813\/revisions\/8063"}],"wp:attachment":[{"href":"https:\/\/verschluss.de\/en\/wp-json\/wp\/v2\/media?parent=3813"}],"wp:term":[{"taxonomy":"category","embeddable":true,"href":"https:\/\/verschluss.de\/en\/wp-json\/wp\/v2\/categories?post=3813"},{"taxonomy":"post_tag","embeddable":true,"href":"https:\/\/verschluss.de\/en\/wp-json\/wp\/v2\/tags?post=3813"}],"curies":[{"name":"wp","href":"https:\/\/api.w.org\/{rel}","templated":true}]}}