{"id":3857,"date":"2020-12-02T14:43:00","date_gmt":"2020-12-02T13:43:00","guid":{"rendered":"https:\/\/www.neu.schneider-icas-gruppe.com\/?p=3857"},"modified":"2022-03-04T13:18:04","modified_gmt":"2022-03-04T12:18:04","slug":"erweiterung3","status":"publish","type":"post","link":"https:\/\/verschluss.de\/en\/pfefferkorn\/erweiterung3\/","title":{"rendered":"Erweiterung 3.0"},"content":{"rendered":"<p>Der <a href=\"https:\/\/verschluss.de\/en\/pfefferkorn\/werkzeugbau\/\" target=\"_blank\" rel=\"noreferrer noopener\">Pfefferkorn-Werkzeugbau<\/a> \u2013 unser Standbein seit 1953 und Garant f\u00fcr die Flexibilit\u00e4t und Zuverl\u00e4ssigkeit, die unsere Kunden an uns sch\u00e4tzen.<\/p>\n\n\n\n<p>Und gerade deshalb wurde auch unser Werkzeugbau nun durch ein modernes, wirtschaftliches und effizientes Fr\u00e4szentrum erg\u00e4nzt. Eine weitere Investition in die Zukunft.<\/p>\n\n\n\n<p>Qualit\u00e4t ist kein Zufall, sondern das Ergebnis von Kompetenz, <a href=\"https:\/\/verschluss.de\/pfefferkorn\/wp-content\/uploads\/sites\/3\/2018\/07\/DE_Leistungsuebersicht-DINA4.pdf\" target=\"_blank\" rel=\"noreferrer noopener\">Leistungsf\u00e4higkeit<\/a> und Pr\u00e4zision. Wir betrachten steigende Anspr\u00fcche als Herausforderung und Ansporn, uns immer weiter zu verbessen. Durch die Modernisierung des Maschinenparks k\u00f6nnen wir Ihnen \u2013 unseren Kunden \u2013 k\u00fcrzere Durchlaufzeiten bei verbesserter Qualit\u00e4t bieten. Nat\u00fcrlich weiterhin verbunden mit der kompetenten Begleitung Ihres Werkzeugs, von der ersten Idee bis zum fertigen Produkt.<\/p>\n\n\n\n<p>Eine kompetente Begleitung erhielten wir auch dieses Mal wieder durch unsere Partner <a href=\"https:\/\/czulkowski-industriemontagen.de\/%20\" target=\"_blank\" rel=\"noreferrer noopener\">Erich Czulkowski Industriemontagen<\/a> and <a href=\"https:\/\/ap-kranservice.de\/?page_id=120%20\" target=\"_blank\" rel=\"noreferrer noopener\">AP Auto- und Kranservice GmbH<\/a> .<\/p>","protected":false},"excerpt":{"rendered":"<p>Neues Fr\u00e4szentrum \u2013 f\u00fcr noch mehr Kompetenz, Leistungsf\u00e4higkeit und Pr\u00e4zision<\/p>","protected":false},"author":1,"featured_media":0,"comment_status":"open","ping_status":"open","sticky":false,"template":"","format":"standard","meta":{"site-sidebar-layout":"default","site-content-layout":"","ast-site-content-layout":"default","site-content-style":"default","site-sidebar-style":"default","ast-global-header-display":"","ast-banner-title-visibility":"","ast-main-header-display":"","ast-hfb-above-header-display":"","ast-hfb-below-header-display":"","ast-hfb-mobile-header-display":"","site-post-title":"","ast-breadcrumbs-content":"","ast-featured-img":"","footer-sml-layout":"","ast-disable-related-posts":"","theme-transparent-header-meta":"","adv-header-id-meta":"","stick-header-meta":"","header-above-stick-meta":"","header-main-stick-meta":"","header-below-stick-meta":"","astra-migrate-meta-layouts":"default","ast-page-background-enabled":"default","ast-page-background-meta":{"desktop":{"background-color":"var(--ast-global-color-4)","background-image":"","background-repeat":"repeat","background-position":"center center","background-size":"auto","background-attachment":"scroll","background-type":"","background-media":"","overlay-type":"","overlay-color":"","overlay-opacity":"","overlay-gradient":""},"tablet":{"background-color":"","background-image":"","background-repeat":"repeat","background-position":"center center","background-size":"auto","background-attachment":"scroll","background-type":"","background-media":"","overlay-type":"","overlay-color":"","overlay-opacity":"","overlay-gradient":""},"mobile":{"background-color":"","background-image":"","background-repeat":"repeat","background-position":"center center","background-size":"auto","background-attachment":"scroll","background-type":"","background-media":"","overlay-type":"","overlay-color":"","overlay-opacity":"","overlay-gradient":""}},"ast-content-background-meta":{"desktop":{"background-color":"var(--ast-global-color-5)","background-image":"","background-repeat":"repeat","background-position":"center center","background-size":"auto","background-attachment":"scroll","background-type":"","background-media":"","overlay-type":"","overlay-color":"","overlay-opacity":"","overlay-gradient":""},"tablet":{"background-color":"var(--ast-global-color-5)","background-image":"","background-repeat":"repeat","background-position":"center center","background-size":"auto","background-attachment":"scroll","background-type":"","background-media":"","overlay-type":"","overlay-color":"","overlay-opacity":"","overlay-gradient":""},"mobile":{"background-color":"var(--ast-global-color-5)","background-image":"","background-repeat":"repeat","background-position":"center center","background-size":"auto","background-attachment":"scroll","background-type":"","background-media":"","overlay-type":"","overlay-color":"","overlay-opacity":"","overlay-gradient":""}},"footnotes":""},"categories":[8],"tags":[],"class_list":["post-3857","post","type-post","status-publish","format-standard","hentry","category-pfefferkorn"],"yoast_head":"<!-- This site is optimized with the Yoast SEO plugin v27.4 - https:\/\/yoast.com\/product\/yoast-seo-wordpress\/ -->\n<title>Erweiterung 3.0 - Verschluss.de<\/title>\n<meta name=\"robots\" content=\"index, follow, max-snippet:-1, max-image-preview:large, max-video-preview:-1\" \/>\n<link rel=\"canonical\" href=\"https:\/\/verschluss.de\/en\/pfefferkorn\/erweiterung3\/\" \/>\n<meta property=\"og:locale\" content=\"en_GB\" \/>\n<meta property=\"og:type\" content=\"article\" \/>\n<meta property=\"og:title\" content=\"Erweiterung 3.0 - Verschluss.de\" \/>\n<meta property=\"og:description\" content=\"Neues Fr\u00e4szentrum \u2013 f\u00fcr noch mehr Kompetenz, Leistungsf\u00e4higkeit und Pr\u00e4zision\" \/>\n<meta property=\"og:url\" content=\"https:\/\/verschluss.de\/en\/pfefferkorn\/erweiterung3\/\" \/>\n<meta property=\"og:site_name\" content=\"Verschluss.de\" \/>\n<meta property=\"article:published_time\" content=\"2020-12-02T13:43:00+00:00\" \/>\n<meta property=\"article:modified_time\" content=\"2022-03-04T12:18:04+00:00\" \/>\n<meta property=\"og:image\" content=\"https:\/\/verschluss.de\/wp-content\/uploads\/2021\/12\/WZB-Erweiterung-980x735-1.jpg\" \/>\n\t<meta property=\"og:image:width\" content=\"980\" \/>\n\t<meta property=\"og:image:height\" content=\"735\" \/>\n\t<meta property=\"og:image:type\" content=\"image\/jpeg\" \/>\n<meta name=\"author\" content=\"AndiKopp\" \/>\n<meta name=\"twitter:card\" content=\"summary_large_image\" \/>\n<meta name=\"twitter:label1\" content=\"Written by\" \/>\n\t<meta name=\"twitter:data1\" content=\"AndiKopp\" \/>\n\t<meta name=\"twitter:label2\" content=\"Estimated reading time\" \/>\n\t<meta name=\"twitter:data2\" content=\"1 minute\" \/>\n<script type=\"application\/ld+json\" class=\"yoast-schema-graph\">{\"@context\":\"https:\\\/\\\/schema.org\",\"@graph\":[{\"@type\":\"Article\",\"@id\":\"https:\\\/\\\/verschluss.de\\\/pfefferkorn\\\/erweiterung3\\\/#article\",\"isPartOf\":{\"@id\":\"https:\\\/\\\/verschluss.de\\\/pfefferkorn\\\/erweiterung3\\\/\"},\"author\":{\"name\":\"AndiKopp\",\"@id\":\"https:\\\/\\\/verschluss.de\\\/#\\\/schema\\\/person\\\/d1c51f93627182cb8f1c3cc2a67fbeab\"},\"headline\":\"Erweiterung 3.0\",\"datePublished\":\"2020-12-02T13:43:00+00:00\",\"dateModified\":\"2022-03-04T12:18:04+00:00\",\"mainEntityOfPage\":{\"@id\":\"https:\\\/\\\/verschluss.de\\\/pfefferkorn\\\/erweiterung3\\\/\"},\"wordCount\":134,\"commentCount\":0,\"articleSection\":[\"Pfefferkorn\"],\"inLanguage\":\"en-GB\",\"potentialAction\":[{\"@type\":\"CommentAction\",\"name\":\"Comment\",\"target\":[\"https:\\\/\\\/verschluss.de\\\/pfefferkorn\\\/erweiterung3\\\/#respond\"]}]},{\"@type\":\"WebPage\",\"@id\":\"https:\\\/\\\/verschluss.de\\\/pfefferkorn\\\/erweiterung3\\\/\",\"url\":\"https:\\\/\\\/verschluss.de\\\/pfefferkorn\\\/erweiterung3\\\/\",\"name\":\"Erweiterung 3.0 - Verschluss.de\",\"isPartOf\":{\"@id\":\"https:\\\/\\\/verschluss.de\\\/#website\"},\"datePublished\":\"2020-12-02T13:43:00+00:00\",\"dateModified\":\"2022-03-04T12:18:04+00:00\",\"author\":{\"@id\":\"https:\\\/\\\/verschluss.de\\\/#\\\/schema\\\/person\\\/d1c51f93627182cb8f1c3cc2a67fbeab\"},\"breadcrumb\":{\"@id\":\"https:\\\/\\\/verschluss.de\\\/pfefferkorn\\\/erweiterung3\\\/#breadcrumb\"},\"inLanguage\":\"en-GB\",\"potentialAction\":[{\"@type\":\"ReadAction\",\"target\":[\"https:\\\/\\\/verschluss.de\\\/pfefferkorn\\\/erweiterung3\\\/\"]}]},{\"@type\":\"BreadcrumbList\",\"@id\":\"https:\\\/\\\/verschluss.de\\\/pfefferkorn\\\/erweiterung3\\\/#breadcrumb\",\"itemListElement\":[{\"@type\":\"ListItem\",\"position\":1,\"name\":\"Startseite\",\"item\":\"https:\\\/\\\/verschluss.de\\\/\"},{\"@type\":\"ListItem\",\"position\":2,\"name\":\"Erweiterung 3.0\"}]},{\"@type\":\"WebSite\",\"@id\":\"https:\\\/\\\/verschluss.de\\\/#website\",\"url\":\"https:\\\/\\\/verschluss.de\\\/\",\"name\":\"Verschluss.de\",\"description\":\"Wir entwickeln und realisieren Ihre Visionen in der Welt der Thermoplaste\",\"potentialAction\":[{\"@type\":\"SearchAction\",\"target\":{\"@type\":\"EntryPoint\",\"urlTemplate\":\"https:\\\/\\\/verschluss.de\\\/?s={search_term_string}\"},\"query-input\":{\"@type\":\"PropertyValueSpecification\",\"valueRequired\":true,\"valueName\":\"search_term_string\"}}],\"inLanguage\":\"en-GB\"},{\"@type\":\"Person\",\"@id\":\"https:\\\/\\\/verschluss.de\\\/#\\\/schema\\\/person\\\/d1c51f93627182cb8f1c3cc2a67fbeab\",\"name\":\"AndiKopp\",\"image\":{\"@type\":\"ImageObject\",\"inLanguage\":\"en-GB\",\"@id\":\"https:\\\/\\\/secure.gravatar.com\\\/avatar\\\/43a09eaa646fa3c58fba5c40bc150ea256f71a0384d269e88dbd24c4c935eb81?s=96&d=mm&r=g\",\"url\":\"https:\\\/\\\/secure.gravatar.com\\\/avatar\\\/43a09eaa646fa3c58fba5c40bc150ea256f71a0384d269e88dbd24c4c935eb81?s=96&d=mm&r=g\",\"contentUrl\":\"https:\\\/\\\/secure.gravatar.com\\\/avatar\\\/43a09eaa646fa3c58fba5c40bc150ea256f71a0384d269e88dbd24c4c935eb81?s=96&d=mm&r=g\",\"caption\":\"AndiKopp\"},\"sameAs\":[\"http:\\\/\\\/neu.schneider-icas-gruppe.com\"],\"url\":\"https:\\\/\\\/verschluss.de\\\/en\\\/author\\\/andikopp\\\/\"}]}<\/script>\n<!-- \/ Yoast SEO plugin. -->","yoast_head_json":{"title":"Erweiterung 3.0 - Verschluss.de","robots":{"index":"index","follow":"follow","max-snippet":"max-snippet:-1","max-image-preview":"max-image-preview:large","max-video-preview":"max-video-preview:-1"},"canonical":"https:\/\/verschluss.de\/en\/pfefferkorn\/erweiterung3\/","og_locale":"en_GB","og_type":"article","og_title":"Erweiterung 3.0 - Verschluss.de","og_description":"Neues Fr\u00e4szentrum \u2013 f\u00fcr noch mehr Kompetenz, Leistungsf\u00e4higkeit und Pr\u00e4zision","og_url":"https:\/\/verschluss.de\/en\/pfefferkorn\/erweiterung3\/","og_site_name":"Verschluss.de","article_published_time":"2020-12-02T13:43:00+00:00","article_modified_time":"2022-03-04T12:18:04+00:00","og_image":[{"width":980,"height":735,"url":"https:\/\/verschluss.de\/wp-content\/uploads\/2021\/12\/WZB-Erweiterung-980x735-1.jpg","type":"image\/jpeg"}],"author":"AndiKopp","twitter_card":"summary_large_image","twitter_misc":{"Written by":"AndiKopp","Estimated reading time":"1 minute"},"schema":{"@context":"https:\/\/schema.org","@graph":[{"@type":"Article","@id":"https:\/\/verschluss.de\/pfefferkorn\/erweiterung3\/#article","isPartOf":{"@id":"https:\/\/verschluss.de\/pfefferkorn\/erweiterung3\/"},"author":{"name":"AndiKopp","@id":"https:\/\/verschluss.de\/#\/schema\/person\/d1c51f93627182cb8f1c3cc2a67fbeab"},"headline":"Erweiterung 3.0","datePublished":"2020-12-02T13:43:00+00:00","dateModified":"2022-03-04T12:18:04+00:00","mainEntityOfPage":{"@id":"https:\/\/verschluss.de\/pfefferkorn\/erweiterung3\/"},"wordCount":134,"commentCount":0,"articleSection":["Pfefferkorn"],"inLanguage":"en-GB","potentialAction":[{"@type":"CommentAction","name":"Comment","target":["https:\/\/verschluss.de\/pfefferkorn\/erweiterung3\/#respond"]}]},{"@type":"WebPage","@id":"https:\/\/verschluss.de\/pfefferkorn\/erweiterung3\/","url":"https:\/\/verschluss.de\/pfefferkorn\/erweiterung3\/","name":"Erweiterung 3.0 - Verschluss.de","isPartOf":{"@id":"https:\/\/verschluss.de\/#website"},"datePublished":"2020-12-02T13:43:00+00:00","dateModified":"2022-03-04T12:18:04+00:00","author":{"@id":"https:\/\/verschluss.de\/#\/schema\/person\/d1c51f93627182cb8f1c3cc2a67fbeab"},"breadcrumb":{"@id":"https:\/\/verschluss.de\/pfefferkorn\/erweiterung3\/#breadcrumb"},"inLanguage":"en-GB","potentialAction":[{"@type":"ReadAction","target":["https:\/\/verschluss.de\/pfefferkorn\/erweiterung3\/"]}]},{"@type":"BreadcrumbList","@id":"https:\/\/verschluss.de\/pfefferkorn\/erweiterung3\/#breadcrumb","itemListElement":[{"@type":"ListItem","position":1,"name":"Startseite","item":"https:\/\/verschluss.de\/"},{"@type":"ListItem","position":2,"name":"Erweiterung 3.0"}]},{"@type":"WebSite","@id":"https:\/\/verschluss.de\/#website","url":"https:\/\/verschluss.de\/","name":"Verschluss.de","description":"Wir entwickeln und realisieren Ihre Visionen in der Welt der Thermoplaste","potentialAction":[{"@type":"SearchAction","target":{"@type":"EntryPoint","urlTemplate":"https:\/\/verschluss.de\/?s={search_term_string}"},"query-input":{"@type":"PropertyValueSpecification","valueRequired":true,"valueName":"search_term_string"}}],"inLanguage":"en-GB"},{"@type":"Person","@id":"https:\/\/verschluss.de\/#\/schema\/person\/d1c51f93627182cb8f1c3cc2a67fbeab","name":"AndiKopp","image":{"@type":"ImageObject","inLanguage":"en-GB","@id":"https:\/\/secure.gravatar.com\/avatar\/43a09eaa646fa3c58fba5c40bc150ea256f71a0384d269e88dbd24c4c935eb81?s=96&d=mm&r=g","url":"https:\/\/secure.gravatar.com\/avatar\/43a09eaa646fa3c58fba5c40bc150ea256f71a0384d269e88dbd24c4c935eb81?s=96&d=mm&r=g","contentUrl":"https:\/\/secure.gravatar.com\/avatar\/43a09eaa646fa3c58fba5c40bc150ea256f71a0384d269e88dbd24c4c935eb81?s=96&d=mm&r=g","caption":"AndiKopp"},"sameAs":["http:\/\/neu.schneider-icas-gruppe.com"],"url":"https:\/\/verschluss.de\/en\/author\/andikopp\/"}]}},"_links":{"self":[{"href":"https:\/\/verschluss.de\/en\/wp-json\/wp\/v2\/posts\/3857","targetHints":{"allow":["GET"]}}],"collection":[{"href":"https:\/\/verschluss.de\/en\/wp-json\/wp\/v2\/posts"}],"about":[{"href":"https:\/\/verschluss.de\/en\/wp-json\/wp\/v2\/types\/post"}],"author":[{"embeddable":true,"href":"https:\/\/verschluss.de\/en\/wp-json\/wp\/v2\/users\/1"}],"replies":[{"embeddable":true,"href":"https:\/\/verschluss.de\/en\/wp-json\/wp\/v2\/comments?post=3857"}],"version-history":[{"count":2,"href":"https:\/\/verschluss.de\/en\/wp-json\/wp\/v2\/posts\/3857\/revisions"}],"predecessor-version":[{"id":8081,"href":"https:\/\/verschluss.de\/en\/wp-json\/wp\/v2\/posts\/3857\/revisions\/8081"}],"wp:attachment":[{"href":"https:\/\/verschluss.de\/en\/wp-json\/wp\/v2\/media?parent=3857"}],"wp:term":[{"taxonomy":"category","embeddable":true,"href":"https:\/\/verschluss.de\/en\/wp-json\/wp\/v2\/categories?post=3857"},{"taxonomy":"post_tag","embeddable":true,"href":"https:\/\/verschluss.de\/en\/wp-json\/wp\/v2\/tags?post=3857"}],"curies":[{"name":"wp","href":"https:\/\/api.w.org\/{rel}","templated":true}]}}