{"id":3947,"date":"2020-02-26T19:09:00","date_gmt":"2020-02-26T18:09:00","guid":{"rendered":"https:\/\/www.neu.schneider-icas-gruppe.com\/?p=3947"},"modified":"2022-01-07T00:02:16","modified_gmt":"2022-01-06T23:02:16","slug":"gedanken-2","status":"publish","type":"post","link":"https:\/\/verschluss.de\/en\/pfefferkorn\/gedanken-2\/","title":{"rendered":"Gedanken."},"content":{"rendered":"<p><strong>Denk ich an Pfefferkorn in der Nacht \u2026.<\/strong><br>(frei nach Heinrich Heine)<\/p>\n\n\n\n<p>\u2026 dann denke ich an die vielf\u00e4ltigen Leistungen, die bei uns erbracht werden. Es spannt sich ein gro\u00dfer Bogen von z.B. 2 K-Teilen \u00fcber das Umspritzen von Einlegeteilen, Montagearbeiten und Veredlungen bis hin zur Ausbildung unseres qualifizierten Nachwuchses, Dienstleistungen aller Art und Lohnspritzerei.<\/p>\n\n\n\n<p>Diese Vielfalt ist allerdings auch zu erwarten bei unserem Maschinenpark mit vollhydraulischen, vollelektrischen und Hybrid-Maschinen. Unterschiedliche Spritzgewichte und unterschiedliche Schlie\u00dfkr\u00e4fte stellen bei unseren Allroundern kein Problem dar. Die automatische Stopfenkonfiguration ist ebenso selbstverst\u00e4ndlich wie die ganze Peripherie, angefangen bei A wie Angu\u00dfspicker \u00fcber Temperierger\u00e4te und Wasseraufbereiter bis Z wie Zerkleinerer von Kunststoffabf\u00e4llen.<\/p>\n\n\n\n<p>Auch unsere Materialvielfalt, wie von unserem <a href=\"https:\/\/verschluss.de\/en\/pfefferkorn\/werkstoffkunde\/\">Betriebsleiter<\/a> bereits beschrieben, l\u00e4sst keine W\u00fcnsche offen.<\/p>\n\n\n\n<p>Und bei all den traumhaften Aspekten wird der Umweltschutzgedanke bei uns gro\u00df geschrieben. Der Einsatz von Recyclingmaterial und Mahlgut ist prinzipiell m\u00f6glich, Mehrwegbeh\u00e4lter und Gro\u00dfverpackungen minimieren Verpackungsm\u00fcll und ganz besonders der Einsatz unserer Silos ist ein deutlich sichtbares Zeichen f\u00fcr Nachhaltigkeit und M\u00fcllvermeidung.<\/p>","protected":false},"excerpt":{"rendered":"<p>Denk ich an Pfefferkorn in der Nacht \u2026.(frei nach Heinrich Heine) \u2026 dann denke ich an die vielf\u00e4ltigen Leistungen, die bei uns erbracht werden. Es spannt sich ein gro\u00dfer Bogen von z.B. 2 K-Teilen \u00fcber das Umspritzen von Einlegeteilen, Montagearbeiten und Veredlungen bis hin zur Ausbildung unseres qualifizierten Nachwuchses, Dienstleistungen aller Art und Lohnspritzerei. Diese [&hellip;]<\/p>\n","protected":false},"author":1,"featured_media":0,"comment_status":"open","ping_status":"open","sticky":false,"template":"","format":"standard","meta":{"site-sidebar-layout":"default","site-content-layout":"","ast-site-content-layout":"default","site-content-style":"default","site-sidebar-style":"default","ast-global-header-display":"","ast-banner-title-visibility":"","ast-main-header-display":"","ast-hfb-above-header-display":"","ast-hfb-below-header-display":"","ast-hfb-mobile-header-display":"","site-post-title":"","ast-breadcrumbs-content":"","ast-featured-img":"","footer-sml-layout":"","ast-disable-related-posts":"","theme-transparent-header-meta":"","adv-header-id-meta":"","stick-header-meta":"","header-above-stick-meta":"","header-main-stick-meta":"","header-below-stick-meta":"","astra-migrate-meta-layouts":"default","ast-page-background-enabled":"default","ast-page-background-meta":{"desktop":{"background-color":"var(--ast-global-color-4)","background-image":"","background-repeat":"repeat","background-position":"center center","background-size":"auto","background-attachment":"scroll","background-type":"","background-media":"","overlay-type":"","overlay-color":"","overlay-opacity":"","overlay-gradient":""},"tablet":{"background-color":"","background-image":"","background-repeat":"repeat","background-position":"center center","background-size":"auto","background-attachment":"scroll","background-type":"","background-media":"","overlay-type":"","overlay-color":"","overlay-opacity":"","overlay-gradient":""},"mobile":{"background-color":"","background-image":"","background-repeat":"repeat","background-position":"center center","background-size":"auto","background-attachment":"scroll","background-type":"","background-media":"","overlay-type":"","overlay-color":"","overlay-opacity":"","overlay-gradient":""}},"ast-content-background-meta":{"desktop":{"background-color":"var(--ast-global-color-5)","background-image":"","background-repeat":"repeat","background-position":"center center","background-size":"auto","background-attachment":"scroll","background-type":"","background-media":"","overlay-type":"","overlay-color":"","overlay-opacity":"","overlay-gradient":""},"tablet":{"background-color":"var(--ast-global-color-5)","background-image":"","background-repeat":"repeat","background-position":"center center","background-size":"auto","background-attachment":"scroll","background-type":"","background-media":"","overlay-type":"","overlay-color":"","overlay-opacity":"","overlay-gradient":""},"mobile":{"background-color":"var(--ast-global-color-5)","background-image":"","background-repeat":"repeat","background-position":"center center","background-size":"auto","background-attachment":"scroll","background-type":"","background-media":"","overlay-type":"","overlay-color":"","overlay-opacity":"","overlay-gradient":""}},"footnotes":""},"categories":[8],"tags":[],"class_list":["post-3947","post","type-post","status-publish","format-standard","hentry","category-pfefferkorn"],"yoast_head":"<!-- This site is optimized with the Yoast SEO plugin v27.4 - https:\/\/yoast.com\/product\/yoast-seo-wordpress\/ -->\n<title>Gedanken. - Verschluss.de<\/title>\n<meta name=\"robots\" content=\"index, follow, max-snippet:-1, max-image-preview:large, max-video-preview:-1\" \/>\n<link rel=\"canonical\" href=\"https:\/\/verschluss.de\/en\/pfefferkorn\/gedanken-2\/\" \/>\n<meta property=\"og:locale\" content=\"en_GB\" \/>\n<meta property=\"og:type\" content=\"article\" \/>\n<meta property=\"og:title\" content=\"Gedanken. - Verschluss.de\" \/>\n<meta property=\"og:description\" content=\"Denk ich an Pfefferkorn in der Nacht \u2026.(frei nach Heinrich Heine) \u2026 dann denke ich an die vielf\u00e4ltigen Leistungen, die bei uns erbracht werden. Es spannt sich ein gro\u00dfer Bogen von z.B. 2 K-Teilen \u00fcber das Umspritzen von Einlegeteilen, Montagearbeiten und Veredlungen bis hin zur Ausbildung unseres qualifizierten Nachwuchses, Dienstleistungen aller Art und Lohnspritzerei. Diese [&hellip;]\" \/>\n<meta property=\"og:url\" content=\"https:\/\/verschluss.de\/en\/pfefferkorn\/gedanken-2\/\" \/>\n<meta property=\"og:site_name\" content=\"Verschluss.de\" \/>\n<meta property=\"article:published_time\" content=\"2020-02-26T18:09:00+00:00\" \/>\n<meta property=\"article:modified_time\" content=\"2022-01-06T23:02:16+00:00\" \/>\n<meta property=\"og:image\" content=\"https:\/\/verschluss.de\/wp-content\/uploads\/2021\/12\/2019-12-10-Silos-1080x675-1.jpg\" \/>\n\t<meta property=\"og:image:width\" content=\"1080\" \/>\n\t<meta property=\"og:image:height\" content=\"675\" \/>\n\t<meta property=\"og:image:type\" content=\"image\/jpeg\" \/>\n<meta name=\"author\" content=\"AndiKopp\" \/>\n<meta name=\"twitter:card\" content=\"summary_large_image\" \/>\n<meta name=\"twitter:label1\" content=\"Written by\" \/>\n\t<meta name=\"twitter:data1\" content=\"AndiKopp\" \/>\n\t<meta name=\"twitter:label2\" content=\"Estimated reading time\" \/>\n\t<meta name=\"twitter:data2\" content=\"1 minute\" \/>\n<script type=\"application\/ld+json\" class=\"yoast-schema-graph\">{\"@context\":\"https:\\\/\\\/schema.org\",\"@graph\":[{\"@type\":\"Article\",\"@id\":\"https:\\\/\\\/verschluss.de\\\/pfefferkorn\\\/gedanken-2\\\/#article\",\"isPartOf\":{\"@id\":\"https:\\\/\\\/verschluss.de\\\/pfefferkorn\\\/gedanken-2\\\/\"},\"author\":{\"name\":\"AndiKopp\",\"@id\":\"https:\\\/\\\/verschluss.de\\\/#\\\/schema\\\/person\\\/d1c51f93627182cb8f1c3cc2a67fbeab\"},\"headline\":\"Gedanken.\",\"datePublished\":\"2020-02-26T18:09:00+00:00\",\"dateModified\":\"2022-01-06T23:02:16+00:00\",\"mainEntityOfPage\":{\"@id\":\"https:\\\/\\\/verschluss.de\\\/pfefferkorn\\\/gedanken-2\\\/\"},\"wordCount\":178,\"commentCount\":0,\"articleSection\":[\"Pfefferkorn\"],\"inLanguage\":\"en-GB\",\"potentialAction\":[{\"@type\":\"CommentAction\",\"name\":\"Comment\",\"target\":[\"https:\\\/\\\/verschluss.de\\\/pfefferkorn\\\/gedanken-2\\\/#respond\"]}]},{\"@type\":\"WebPage\",\"@id\":\"https:\\\/\\\/verschluss.de\\\/pfefferkorn\\\/gedanken-2\\\/\",\"url\":\"https:\\\/\\\/verschluss.de\\\/pfefferkorn\\\/gedanken-2\\\/\",\"name\":\"Gedanken. - Verschluss.de\",\"isPartOf\":{\"@id\":\"https:\\\/\\\/verschluss.de\\\/#website\"},\"datePublished\":\"2020-02-26T18:09:00+00:00\",\"dateModified\":\"2022-01-06T23:02:16+00:00\",\"author\":{\"@id\":\"https:\\\/\\\/verschluss.de\\\/#\\\/schema\\\/person\\\/d1c51f93627182cb8f1c3cc2a67fbeab\"},\"breadcrumb\":{\"@id\":\"https:\\\/\\\/verschluss.de\\\/pfefferkorn\\\/gedanken-2\\\/#breadcrumb\"},\"inLanguage\":\"en-GB\",\"potentialAction\":[{\"@type\":\"ReadAction\",\"target\":[\"https:\\\/\\\/verschluss.de\\\/pfefferkorn\\\/gedanken-2\\\/\"]}]},{\"@type\":\"BreadcrumbList\",\"@id\":\"https:\\\/\\\/verschluss.de\\\/pfefferkorn\\\/gedanken-2\\\/#breadcrumb\",\"itemListElement\":[{\"@type\":\"ListItem\",\"position\":1,\"name\":\"Startseite\",\"item\":\"https:\\\/\\\/verschluss.de\\\/\"},{\"@type\":\"ListItem\",\"position\":2,\"name\":\"Gedanken.\"}]},{\"@type\":\"WebSite\",\"@id\":\"https:\\\/\\\/verschluss.de\\\/#website\",\"url\":\"https:\\\/\\\/verschluss.de\\\/\",\"name\":\"Verschluss.de\",\"description\":\"Wir entwickeln und realisieren Ihre Visionen in der Welt der Thermoplaste\",\"potentialAction\":[{\"@type\":\"SearchAction\",\"target\":{\"@type\":\"EntryPoint\",\"urlTemplate\":\"https:\\\/\\\/verschluss.de\\\/?s={search_term_string}\"},\"query-input\":{\"@type\":\"PropertyValueSpecification\",\"valueRequired\":true,\"valueName\":\"search_term_string\"}}],\"inLanguage\":\"en-GB\"},{\"@type\":\"Person\",\"@id\":\"https:\\\/\\\/verschluss.de\\\/#\\\/schema\\\/person\\\/d1c51f93627182cb8f1c3cc2a67fbeab\",\"name\":\"AndiKopp\",\"image\":{\"@type\":\"ImageObject\",\"inLanguage\":\"en-GB\",\"@id\":\"https:\\\/\\\/secure.gravatar.com\\\/avatar\\\/43a09eaa646fa3c58fba5c40bc150ea256f71a0384d269e88dbd24c4c935eb81?s=96&d=mm&r=g\",\"url\":\"https:\\\/\\\/secure.gravatar.com\\\/avatar\\\/43a09eaa646fa3c58fba5c40bc150ea256f71a0384d269e88dbd24c4c935eb81?s=96&d=mm&r=g\",\"contentUrl\":\"https:\\\/\\\/secure.gravatar.com\\\/avatar\\\/43a09eaa646fa3c58fba5c40bc150ea256f71a0384d269e88dbd24c4c935eb81?s=96&d=mm&r=g\",\"caption\":\"AndiKopp\"},\"sameAs\":[\"http:\\\/\\\/neu.schneider-icas-gruppe.com\"],\"url\":\"https:\\\/\\\/verschluss.de\\\/en\\\/author\\\/andikopp\\\/\"}]}<\/script>\n<!-- \/ Yoast SEO plugin. -->","yoast_head_json":{"title":"Gedanken. - Verschluss.de","robots":{"index":"index","follow":"follow","max-snippet":"max-snippet:-1","max-image-preview":"max-image-preview:large","max-video-preview":"max-video-preview:-1"},"canonical":"https:\/\/verschluss.de\/en\/pfefferkorn\/gedanken-2\/","og_locale":"en_GB","og_type":"article","og_title":"Gedanken. - Verschluss.de","og_description":"Denk ich an Pfefferkorn in der Nacht \u2026.(frei nach Heinrich Heine) \u2026 dann denke ich an die vielf\u00e4ltigen Leistungen, die bei uns erbracht werden. Es spannt sich ein gro\u00dfer Bogen von z.B. 2 K-Teilen \u00fcber das Umspritzen von Einlegeteilen, Montagearbeiten und Veredlungen bis hin zur Ausbildung unseres qualifizierten Nachwuchses, Dienstleistungen aller Art und Lohnspritzerei. Diese [&hellip;]","og_url":"https:\/\/verschluss.de\/en\/pfefferkorn\/gedanken-2\/","og_site_name":"Verschluss.de","article_published_time":"2020-02-26T18:09:00+00:00","article_modified_time":"2022-01-06T23:02:16+00:00","og_image":[{"width":1080,"height":675,"url":"https:\/\/verschluss.de\/wp-content\/uploads\/2021\/12\/2019-12-10-Silos-1080x675-1.jpg","type":"image\/jpeg"}],"author":"AndiKopp","twitter_card":"summary_large_image","twitter_misc":{"Written by":"AndiKopp","Estimated reading time":"1 minute"},"schema":{"@context":"https:\/\/schema.org","@graph":[{"@type":"Article","@id":"https:\/\/verschluss.de\/pfefferkorn\/gedanken-2\/#article","isPartOf":{"@id":"https:\/\/verschluss.de\/pfefferkorn\/gedanken-2\/"},"author":{"name":"AndiKopp","@id":"https:\/\/verschluss.de\/#\/schema\/person\/d1c51f93627182cb8f1c3cc2a67fbeab"},"headline":"Gedanken.","datePublished":"2020-02-26T18:09:00+00:00","dateModified":"2022-01-06T23:02:16+00:00","mainEntityOfPage":{"@id":"https:\/\/verschluss.de\/pfefferkorn\/gedanken-2\/"},"wordCount":178,"commentCount":0,"articleSection":["Pfefferkorn"],"inLanguage":"en-GB","potentialAction":[{"@type":"CommentAction","name":"Comment","target":["https:\/\/verschluss.de\/pfefferkorn\/gedanken-2\/#respond"]}]},{"@type":"WebPage","@id":"https:\/\/verschluss.de\/pfefferkorn\/gedanken-2\/","url":"https:\/\/verschluss.de\/pfefferkorn\/gedanken-2\/","name":"Gedanken. - Verschluss.de","isPartOf":{"@id":"https:\/\/verschluss.de\/#website"},"datePublished":"2020-02-26T18:09:00+00:00","dateModified":"2022-01-06T23:02:16+00:00","author":{"@id":"https:\/\/verschluss.de\/#\/schema\/person\/d1c51f93627182cb8f1c3cc2a67fbeab"},"breadcrumb":{"@id":"https:\/\/verschluss.de\/pfefferkorn\/gedanken-2\/#breadcrumb"},"inLanguage":"en-GB","potentialAction":[{"@type":"ReadAction","target":["https:\/\/verschluss.de\/pfefferkorn\/gedanken-2\/"]}]},{"@type":"BreadcrumbList","@id":"https:\/\/verschluss.de\/pfefferkorn\/gedanken-2\/#breadcrumb","itemListElement":[{"@type":"ListItem","position":1,"name":"Startseite","item":"https:\/\/verschluss.de\/"},{"@type":"ListItem","position":2,"name":"Gedanken."}]},{"@type":"WebSite","@id":"https:\/\/verschluss.de\/#website","url":"https:\/\/verschluss.de\/","name":"Verschluss.de","description":"Wir entwickeln und realisieren Ihre Visionen in der Welt der Thermoplaste","potentialAction":[{"@type":"SearchAction","target":{"@type":"EntryPoint","urlTemplate":"https:\/\/verschluss.de\/?s={search_term_string}"},"query-input":{"@type":"PropertyValueSpecification","valueRequired":true,"valueName":"search_term_string"}}],"inLanguage":"en-GB"},{"@type":"Person","@id":"https:\/\/verschluss.de\/#\/schema\/person\/d1c51f93627182cb8f1c3cc2a67fbeab","name":"AndiKopp","image":{"@type":"ImageObject","inLanguage":"en-GB","@id":"https:\/\/secure.gravatar.com\/avatar\/43a09eaa646fa3c58fba5c40bc150ea256f71a0384d269e88dbd24c4c935eb81?s=96&d=mm&r=g","url":"https:\/\/secure.gravatar.com\/avatar\/43a09eaa646fa3c58fba5c40bc150ea256f71a0384d269e88dbd24c4c935eb81?s=96&d=mm&r=g","contentUrl":"https:\/\/secure.gravatar.com\/avatar\/43a09eaa646fa3c58fba5c40bc150ea256f71a0384d269e88dbd24c4c935eb81?s=96&d=mm&r=g","caption":"AndiKopp"},"sameAs":["http:\/\/neu.schneider-icas-gruppe.com"],"url":"https:\/\/verschluss.de\/en\/author\/andikopp\/"}]}},"_links":{"self":[{"href":"https:\/\/verschluss.de\/en\/wp-json\/wp\/v2\/posts\/3947","targetHints":{"allow":["GET"]}}],"collection":[{"href":"https:\/\/verschluss.de\/en\/wp-json\/wp\/v2\/posts"}],"about":[{"href":"https:\/\/verschluss.de\/en\/wp-json\/wp\/v2\/types\/post"}],"author":[{"embeddable":true,"href":"https:\/\/verschluss.de\/en\/wp-json\/wp\/v2\/users\/1"}],"replies":[{"embeddable":true,"href":"https:\/\/verschluss.de\/en\/wp-json\/wp\/v2\/comments?post=3947"}],"version-history":[{"count":1,"href":"https:\/\/verschluss.de\/en\/wp-json\/wp\/v2\/posts\/3947\/revisions"}],"predecessor-version":[{"id":3949,"href":"https:\/\/verschluss.de\/en\/wp-json\/wp\/v2\/posts\/3947\/revisions\/3949"}],"wp:attachment":[{"href":"https:\/\/verschluss.de\/en\/wp-json\/wp\/v2\/media?parent=3947"}],"wp:term":[{"taxonomy":"category","embeddable":true,"href":"https:\/\/verschluss.de\/en\/wp-json\/wp\/v2\/categories?post=3947"},{"taxonomy":"post_tag","embeddable":true,"href":"https:\/\/verschluss.de\/en\/wp-json\/wp\/v2\/tags?post=3947"}],"curies":[{"name":"wp","href":"https:\/\/api.w.org\/{rel}","templated":true}]}}