{"id":5913,"date":"2021-08-18T22:39:00","date_gmt":"2021-08-18T20:39:00","guid":{"rendered":"https:\/\/www.neu.schneider-icas-gruppe.com\/?p=5913"},"modified":"2021-12-18T22:40:20","modified_gmt":"2021-12-18T21:40:20","slug":"bad-muenster-ebernburg","status":"publish","type":"post","link":"https:\/\/verschluss.de\/en\/schneider\/bad-muenster-ebernburg\/","title":{"rendered":"Bad M\u00fcnster-Ebernburg"},"content":{"rendered":"<p>Was kann man zu Bad M\u00fcnster am Stein\u2013Ebernburg sagen?<\/p>\n\n\n\n<p>Z. B., dass es erstmals 1212 in einer Urkunde erw\u00e4hnt wurde, nach der die Grafen von Saarbr\u00fccken dem Stift Cyriakus bei Worms die Ebernburger Kirche geschenkt haben.<\/p>\n\n\n\n<p>Oder dass der Reichsritter Franz von Sickingen auf der Ebernburg geboren wurde.<\/p>\n\n\n\n<p>Oder dass Bad M\u00fcnster am Stein\u2013Ebernburg ein romantisches kleines St\u00e4dtchen mit rund 4.000 Einwohnern ist und in einer der regen\u00e4rmsten und w\u00e4rmsten Regionen Deutschlands liegt. \u201eSt\u00e4dtchen\u201c auch \u00fcbrigens erst seit dem 29.04.1978 und der Verleihung der Stadtrechte.<\/p>\n\n\n\n<p>Bad M\u00fcnster am Stein-Ebernburg hat zahlreiche Sehensw\u00fcrdigkeiten, wie z.B. den Rotenfels, den Rheingrafenstein, nat\u00fcrlich die Burg Ebernburg und das Hutten-Sickingen-Denkmal. Um nur ein paar zu nennen.<\/p>\n\n\n\n<p>Aber die wirkliche Besonderheit dieser kleinen Stadt ist, dass sie Sitz des Weltmarktf\u00fchrers in der Herstellung von Sektverschl\u00fcssen ist, des Weltmarktf\u00fchrers \u00fcberhaupt in der Belieferung der Wein- und Sekt- und mittlerweile auch Spirituosen-Industrie mit allem, was obenrum um die Flasche zu finden ist.<\/p>","protected":false},"excerpt":{"rendered":"<p>Was kann man zu Bad M\u00fcnster am Stein\u2013Ebernburg sagen? Z. B., dass es erstmals 1212 in einer Urkunde erw\u00e4hnt wurde, nach der die Grafen von Saarbr\u00fccken dem Stift Cyriakus bei Worms die Ebernburger Kirche geschenkt haben. Oder dass der Reichsritter Franz von Sickingen auf der Ebernburg geboren wurde. Oder dass Bad M\u00fcnster am Stein\u2013Ebernburg ein [&hellip;]<\/p>\n","protected":false},"author":1,"featured_media":0,"comment_status":"open","ping_status":"open","sticky":false,"template":"","format":"standard","meta":{"site-sidebar-layout":"default","site-content-layout":"","ast-site-content-layout":"default","site-content-style":"default","site-sidebar-style":"default","ast-global-header-display":"","ast-banner-title-visibility":"","ast-main-header-display":"","ast-hfb-above-header-display":"","ast-hfb-below-header-display":"","ast-hfb-mobile-header-display":"","site-post-title":"","ast-breadcrumbs-content":"","ast-featured-img":"","footer-sml-layout":"","ast-disable-related-posts":"","theme-transparent-header-meta":"","adv-header-id-meta":"","stick-header-meta":"","header-above-stick-meta":"","header-main-stick-meta":"","header-below-stick-meta":"","astra-migrate-meta-layouts":"default","ast-page-background-enabled":"default","ast-page-background-meta":{"desktop":{"background-color":"var(--ast-global-color-4)","background-image":"","background-repeat":"repeat","background-position":"center center","background-size":"auto","background-attachment":"scroll","background-type":"","background-media":"","overlay-type":"","overlay-color":"","overlay-opacity":"","overlay-gradient":""},"tablet":{"background-color":"","background-image":"","background-repeat":"repeat","background-position":"center center","background-size":"auto","background-attachment":"scroll","background-type":"","background-media":"","overlay-type":"","overlay-color":"","overlay-opacity":"","overlay-gradient":""},"mobile":{"background-color":"","background-image":"","background-repeat":"repeat","background-position":"center center","background-size":"auto","background-attachment":"scroll","background-type":"","background-media":"","overlay-type":"","overlay-color":"","overlay-opacity":"","overlay-gradient":""}},"ast-content-background-meta":{"desktop":{"background-color":"var(--ast-global-color-5)","background-image":"","background-repeat":"repeat","background-position":"center center","background-size":"auto","background-attachment":"scroll","background-type":"","background-media":"","overlay-type":"","overlay-color":"","overlay-opacity":"","overlay-gradient":""},"tablet":{"background-color":"var(--ast-global-color-5)","background-image":"","background-repeat":"repeat","background-position":"center center","background-size":"auto","background-attachment":"scroll","background-type":"","background-media":"","overlay-type":"","overlay-color":"","overlay-opacity":"","overlay-gradient":""},"mobile":{"background-color":"var(--ast-global-color-5)","background-image":"","background-repeat":"repeat","background-position":"center center","background-size":"auto","background-attachment":"scroll","background-type":"","background-media":"","overlay-type":"","overlay-color":"","overlay-opacity":"","overlay-gradient":""}},"footnotes":""},"categories":[9],"tags":[],"class_list":["post-5913","post","type-post","status-publish","format-standard","hentry","category-schneider"],"yoast_head":"<!-- This site is optimized with the Yoast SEO plugin v27.4 - https:\/\/yoast.com\/product\/yoast-seo-wordpress\/ -->\n<title>Bad M\u00fcnster-Ebernburg - Verschluss.de<\/title>\n<meta name=\"robots\" content=\"index, follow, max-snippet:-1, max-image-preview:large, max-video-preview:-1\" \/>\n<link rel=\"canonical\" href=\"https:\/\/verschluss.de\/en\/schneider\/bad-muenster-ebernburg\/\" \/>\n<meta property=\"og:locale\" content=\"en_GB\" \/>\n<meta property=\"og:type\" content=\"article\" \/>\n<meta property=\"og:title\" content=\"Bad M\u00fcnster-Ebernburg - Verschluss.de\" \/>\n<meta property=\"og:description\" content=\"Was kann man zu Bad M\u00fcnster am Stein\u2013Ebernburg sagen? Z. B., dass es erstmals 1212 in einer Urkunde erw\u00e4hnt wurde, nach der die Grafen von Saarbr\u00fccken dem Stift Cyriakus bei Worms die Ebernburger Kirche geschenkt haben. Oder dass der Reichsritter Franz von Sickingen auf der Ebernburg geboren wurde. Oder dass Bad M\u00fcnster am Stein\u2013Ebernburg ein [&hellip;]\" \/>\n<meta property=\"og:url\" content=\"https:\/\/verschluss.de\/en\/schneider\/bad-muenster-ebernburg\/\" \/>\n<meta property=\"og:site_name\" content=\"Verschluss.de\" \/>\n<meta property=\"article:published_time\" content=\"2021-08-18T20:39:00+00:00\" \/>\n<meta property=\"article:modified_time\" content=\"2021-12-18T21:40:20+00:00\" \/>\n<meta property=\"og:image\" content=\"https:\/\/verschluss.de\/wp-content\/uploads\/2021\/12\/20210719_151630-980x551-1.jpg\" \/>\n\t<meta property=\"og:image:width\" content=\"980\" \/>\n\t<meta property=\"og:image:height\" content=\"551\" \/>\n\t<meta property=\"og:image:type\" content=\"image\/jpeg\" \/>\n<meta name=\"author\" content=\"AndiKopp\" \/>\n<meta name=\"twitter:card\" content=\"summary_large_image\" \/>\n<meta name=\"twitter:label1\" content=\"Written by\" \/>\n\t<meta name=\"twitter:data1\" content=\"AndiKopp\" \/>\n\t<meta name=\"twitter:label2\" content=\"Estimated reading time\" \/>\n\t<meta name=\"twitter:data2\" content=\"1 minute\" \/>\n<script type=\"application\/ld+json\" class=\"yoast-schema-graph\">{\"@context\":\"https:\\\/\\\/schema.org\",\"@graph\":[{\"@type\":\"Article\",\"@id\":\"https:\\\/\\\/verschluss.de\\\/schneider\\\/bad-muenster-ebernburg\\\/#article\",\"isPartOf\":{\"@id\":\"https:\\\/\\\/verschluss.de\\\/schneider\\\/bad-muenster-ebernburg\\\/\"},\"author\":{\"name\":\"AndiKopp\",\"@id\":\"https:\\\/\\\/verschluss.de\\\/#\\\/schema\\\/person\\\/d1c51f93627182cb8f1c3cc2a67fbeab\"},\"headline\":\"Bad M\u00fcnster-Ebernburg\",\"datePublished\":\"2021-08-18T20:39:00+00:00\",\"dateModified\":\"2021-12-18T21:40:20+00:00\",\"mainEntityOfPage\":{\"@id\":\"https:\\\/\\\/verschluss.de\\\/schneider\\\/bad-muenster-ebernburg\\\/\"},\"wordCount\":171,\"commentCount\":0,\"articleSection\":[\"Schneider\"],\"inLanguage\":\"en-GB\",\"potentialAction\":[{\"@type\":\"CommentAction\",\"name\":\"Comment\",\"target\":[\"https:\\\/\\\/verschluss.de\\\/schneider\\\/bad-muenster-ebernburg\\\/#respond\"]}]},{\"@type\":\"WebPage\",\"@id\":\"https:\\\/\\\/verschluss.de\\\/schneider\\\/bad-muenster-ebernburg\\\/\",\"url\":\"https:\\\/\\\/verschluss.de\\\/schneider\\\/bad-muenster-ebernburg\\\/\",\"name\":\"Bad M\u00fcnster-Ebernburg - Verschluss.de\",\"isPartOf\":{\"@id\":\"https:\\\/\\\/verschluss.de\\\/#website\"},\"datePublished\":\"2021-08-18T20:39:00+00:00\",\"dateModified\":\"2021-12-18T21:40:20+00:00\",\"author\":{\"@id\":\"https:\\\/\\\/verschluss.de\\\/#\\\/schema\\\/person\\\/d1c51f93627182cb8f1c3cc2a67fbeab\"},\"breadcrumb\":{\"@id\":\"https:\\\/\\\/verschluss.de\\\/schneider\\\/bad-muenster-ebernburg\\\/#breadcrumb\"},\"inLanguage\":\"en-GB\",\"potentialAction\":[{\"@type\":\"ReadAction\",\"target\":[\"https:\\\/\\\/verschluss.de\\\/schneider\\\/bad-muenster-ebernburg\\\/\"]}]},{\"@type\":\"BreadcrumbList\",\"@id\":\"https:\\\/\\\/verschluss.de\\\/schneider\\\/bad-muenster-ebernburg\\\/#breadcrumb\",\"itemListElement\":[{\"@type\":\"ListItem\",\"position\":1,\"name\":\"Startseite\",\"item\":\"https:\\\/\\\/verschluss.de\\\/\"},{\"@type\":\"ListItem\",\"position\":2,\"name\":\"Bad M\u00fcnster-Ebernburg\"}]},{\"@type\":\"WebSite\",\"@id\":\"https:\\\/\\\/verschluss.de\\\/#website\",\"url\":\"https:\\\/\\\/verschluss.de\\\/\",\"name\":\"Verschluss.de\",\"description\":\"Wir entwickeln und realisieren Ihre Visionen in der Welt der Thermoplaste\",\"potentialAction\":[{\"@type\":\"SearchAction\",\"target\":{\"@type\":\"EntryPoint\",\"urlTemplate\":\"https:\\\/\\\/verschluss.de\\\/?s={search_term_string}\"},\"query-input\":{\"@type\":\"PropertyValueSpecification\",\"valueRequired\":true,\"valueName\":\"search_term_string\"}}],\"inLanguage\":\"en-GB\"},{\"@type\":\"Person\",\"@id\":\"https:\\\/\\\/verschluss.de\\\/#\\\/schema\\\/person\\\/d1c51f93627182cb8f1c3cc2a67fbeab\",\"name\":\"AndiKopp\",\"image\":{\"@type\":\"ImageObject\",\"inLanguage\":\"en-GB\",\"@id\":\"https:\\\/\\\/secure.gravatar.com\\\/avatar\\\/43a09eaa646fa3c58fba5c40bc150ea256f71a0384d269e88dbd24c4c935eb81?s=96&d=mm&r=g\",\"url\":\"https:\\\/\\\/secure.gravatar.com\\\/avatar\\\/43a09eaa646fa3c58fba5c40bc150ea256f71a0384d269e88dbd24c4c935eb81?s=96&d=mm&r=g\",\"contentUrl\":\"https:\\\/\\\/secure.gravatar.com\\\/avatar\\\/43a09eaa646fa3c58fba5c40bc150ea256f71a0384d269e88dbd24c4c935eb81?s=96&d=mm&r=g\",\"caption\":\"AndiKopp\"},\"sameAs\":[\"http:\\\/\\\/neu.schneider-icas-gruppe.com\"],\"url\":\"https:\\\/\\\/verschluss.de\\\/en\\\/author\\\/andikopp\\\/\"}]}<\/script>\n<!-- \/ Yoast SEO plugin. -->","yoast_head_json":{"title":"Bad M\u00fcnster-Ebernburg - Verschluss.de","robots":{"index":"index","follow":"follow","max-snippet":"max-snippet:-1","max-image-preview":"max-image-preview:large","max-video-preview":"max-video-preview:-1"},"canonical":"https:\/\/verschluss.de\/en\/schneider\/bad-muenster-ebernburg\/","og_locale":"en_GB","og_type":"article","og_title":"Bad M\u00fcnster-Ebernburg - Verschluss.de","og_description":"Was kann man zu Bad M\u00fcnster am Stein\u2013Ebernburg sagen? Z. B., dass es erstmals 1212 in einer Urkunde erw\u00e4hnt wurde, nach der die Grafen von Saarbr\u00fccken dem Stift Cyriakus bei Worms die Ebernburger Kirche geschenkt haben. Oder dass der Reichsritter Franz von Sickingen auf der Ebernburg geboren wurde. Oder dass Bad M\u00fcnster am Stein\u2013Ebernburg ein [&hellip;]","og_url":"https:\/\/verschluss.de\/en\/schneider\/bad-muenster-ebernburg\/","og_site_name":"Verschluss.de","article_published_time":"2021-08-18T20:39:00+00:00","article_modified_time":"2021-12-18T21:40:20+00:00","og_image":[{"width":980,"height":551,"url":"https:\/\/verschluss.de\/wp-content\/uploads\/2021\/12\/20210719_151630-980x551-1.jpg","type":"image\/jpeg"}],"author":"AndiKopp","twitter_card":"summary_large_image","twitter_misc":{"Written by":"AndiKopp","Estimated reading time":"1 minute"},"schema":{"@context":"https:\/\/schema.org","@graph":[{"@type":"Article","@id":"https:\/\/verschluss.de\/schneider\/bad-muenster-ebernburg\/#article","isPartOf":{"@id":"https:\/\/verschluss.de\/schneider\/bad-muenster-ebernburg\/"},"author":{"name":"AndiKopp","@id":"https:\/\/verschluss.de\/#\/schema\/person\/d1c51f93627182cb8f1c3cc2a67fbeab"},"headline":"Bad M\u00fcnster-Ebernburg","datePublished":"2021-08-18T20:39:00+00:00","dateModified":"2021-12-18T21:40:20+00:00","mainEntityOfPage":{"@id":"https:\/\/verschluss.de\/schneider\/bad-muenster-ebernburg\/"},"wordCount":171,"commentCount":0,"articleSection":["Schneider"],"inLanguage":"en-GB","potentialAction":[{"@type":"CommentAction","name":"Comment","target":["https:\/\/verschluss.de\/schneider\/bad-muenster-ebernburg\/#respond"]}]},{"@type":"WebPage","@id":"https:\/\/verschluss.de\/schneider\/bad-muenster-ebernburg\/","url":"https:\/\/verschluss.de\/schneider\/bad-muenster-ebernburg\/","name":"Bad M\u00fcnster-Ebernburg - Verschluss.de","isPartOf":{"@id":"https:\/\/verschluss.de\/#website"},"datePublished":"2021-08-18T20:39:00+00:00","dateModified":"2021-12-18T21:40:20+00:00","author":{"@id":"https:\/\/verschluss.de\/#\/schema\/person\/d1c51f93627182cb8f1c3cc2a67fbeab"},"breadcrumb":{"@id":"https:\/\/verschluss.de\/schneider\/bad-muenster-ebernburg\/#breadcrumb"},"inLanguage":"en-GB","potentialAction":[{"@type":"ReadAction","target":["https:\/\/verschluss.de\/schneider\/bad-muenster-ebernburg\/"]}]},{"@type":"BreadcrumbList","@id":"https:\/\/verschluss.de\/schneider\/bad-muenster-ebernburg\/#breadcrumb","itemListElement":[{"@type":"ListItem","position":1,"name":"Startseite","item":"https:\/\/verschluss.de\/"},{"@type":"ListItem","position":2,"name":"Bad M\u00fcnster-Ebernburg"}]},{"@type":"WebSite","@id":"https:\/\/verschluss.de\/#website","url":"https:\/\/verschluss.de\/","name":"Verschluss.de","description":"Wir entwickeln und realisieren Ihre Visionen in der Welt der Thermoplaste","potentialAction":[{"@type":"SearchAction","target":{"@type":"EntryPoint","urlTemplate":"https:\/\/verschluss.de\/?s={search_term_string}"},"query-input":{"@type":"PropertyValueSpecification","valueRequired":true,"valueName":"search_term_string"}}],"inLanguage":"en-GB"},{"@type":"Person","@id":"https:\/\/verschluss.de\/#\/schema\/person\/d1c51f93627182cb8f1c3cc2a67fbeab","name":"AndiKopp","image":{"@type":"ImageObject","inLanguage":"en-GB","@id":"https:\/\/secure.gravatar.com\/avatar\/43a09eaa646fa3c58fba5c40bc150ea256f71a0384d269e88dbd24c4c935eb81?s=96&d=mm&r=g","url":"https:\/\/secure.gravatar.com\/avatar\/43a09eaa646fa3c58fba5c40bc150ea256f71a0384d269e88dbd24c4c935eb81?s=96&d=mm&r=g","contentUrl":"https:\/\/secure.gravatar.com\/avatar\/43a09eaa646fa3c58fba5c40bc150ea256f71a0384d269e88dbd24c4c935eb81?s=96&d=mm&r=g","caption":"AndiKopp"},"sameAs":["http:\/\/neu.schneider-icas-gruppe.com"],"url":"https:\/\/verschluss.de\/en\/author\/andikopp\/"}]}},"_links":{"self":[{"href":"https:\/\/verschluss.de\/en\/wp-json\/wp\/v2\/posts\/5913","targetHints":{"allow":["GET"]}}],"collection":[{"href":"https:\/\/verschluss.de\/en\/wp-json\/wp\/v2\/posts"}],"about":[{"href":"https:\/\/verschluss.de\/en\/wp-json\/wp\/v2\/types\/post"}],"author":[{"embeddable":true,"href":"https:\/\/verschluss.de\/en\/wp-json\/wp\/v2\/users\/1"}],"replies":[{"embeddable":true,"href":"https:\/\/verschluss.de\/en\/wp-json\/wp\/v2\/comments?post=5913"}],"version-history":[{"count":1,"href":"https:\/\/verschluss.de\/en\/wp-json\/wp\/v2\/posts\/5913\/revisions"}],"predecessor-version":[{"id":5915,"href":"https:\/\/verschluss.de\/en\/wp-json\/wp\/v2\/posts\/5913\/revisions\/5915"}],"wp:attachment":[{"href":"https:\/\/verschluss.de\/en\/wp-json\/wp\/v2\/media?parent=5913"}],"wp:term":[{"taxonomy":"category","embeddable":true,"href":"https:\/\/verschluss.de\/en\/wp-json\/wp\/v2\/categories?post=5913"},{"taxonomy":"post_tag","embeddable":true,"href":"https:\/\/verschluss.de\/en\/wp-json\/wp\/v2\/tags?post=5913"}],"curies":[{"name":"wp","href":"https:\/\/api.w.org\/{rel}","templated":true}]}}