{"id":5948,"date":"2021-06-09T21:49:00","date_gmt":"2021-06-09T19:49:00","guid":{"rendered":"https:\/\/www.neu.schneider-icas-gruppe.com\/?p=5948"},"modified":"2021-12-19T21:52:27","modified_gmt":"2021-12-19T20:52:27","slug":"die-secco-kordel","status":"publish","type":"post","link":"https:\/\/verschluss.de\/en\/schneider\/die-secco-kordel\/","title":{"rendered":"Die Secco-Kordel"},"content":{"rendered":"\t\t<div data-elementor-type=\"wp-post\" data-elementor-id=\"5948\" class=\"elementor elementor-5948\" data-elementor-post-type=\"post\">\n\t\t\t\t\t\t<section class=\"elementor-section elementor-top-section elementor-element elementor-element-4f41fea6 elementor-section-boxed elementor-section-height-default elementor-section-height-default\" data-id=\"4f41fea6\" data-element_type=\"section\" data-e-type=\"section\" data-settings=\"{&quot;jet_parallax_layout_list&quot;:[{&quot;jet_parallax_layout_image&quot;:{&quot;url&quot;:&quot;&quot;,&quot;id&quot;:&quot;&quot;,&quot;size&quot;:&quot;&quot;},&quot;_id&quot;:&quot;1b392f0&quot;,&quot;jet_parallax_layout_image_tablet&quot;:{&quot;url&quot;:&quot;&quot;,&quot;id&quot;:&quot;&quot;,&quot;size&quot;:&quot;&quot;},&quot;jet_parallax_layout_image_mobile&quot;:{&quot;url&quot;:&quot;&quot;,&quot;id&quot;:&quot;&quot;,&quot;size&quot;:&quot;&quot;},&quot;jet_parallax_layout_speed&quot;:{&quot;unit&quot;:&quot;%&quot;,&quot;size&quot;:50,&quot;sizes&quot;:[]},&quot;jet_parallax_layout_type&quot;:&quot;scroll&quot;,&quot;jet_parallax_layout_direction&quot;:&quot;1&quot;,&quot;jet_parallax_layout_fx_direction&quot;:null,&quot;jet_parallax_layout_z_index&quot;:&quot;&quot;,&quot;jet_parallax_layout_bg_x&quot;:50,&quot;jet_parallax_layout_bg_x_tablet&quot;:&quot;&quot;,&quot;jet_parallax_layout_bg_x_mobile&quot;:&quot;&quot;,&quot;jet_parallax_layout_bg_y&quot;:50,&quot;jet_parallax_layout_bg_y_tablet&quot;:&quot;&quot;,&quot;jet_parallax_layout_bg_y_mobile&quot;:&quot;&quot;,&quot;jet_parallax_layout_bg_size&quot;:&quot;auto&quot;,&quot;jet_parallax_layout_bg_size_tablet&quot;:&quot;&quot;,&quot;jet_parallax_layout_bg_size_mobile&quot;:&quot;&quot;,&quot;jet_parallax_layout_animation_prop&quot;:&quot;transform&quot;,&quot;jet_parallax_layout_on&quot;:[&quot;desktop&quot;,&quot;tablet&quot;]}]}\">\n\t\t\t\t\t\t<div class=\"elementor-container elementor-column-gap-default\">\n\t\t\t\t\t<div class=\"elementor-column elementor-col-100 elementor-top-column elementor-element elementor-element-38e1830c\" data-id=\"38e1830c\" data-element_type=\"column\" data-e-type=\"column\">\n\t\t\t<div class=\"elementor-widget-wrap elementor-element-populated\">\n\t\t\t\t\t\t<div class=\"elementor-element elementor-element-fc764ec elementor-widget elementor-widget-text-editor\" data-id=\"fc764ec\" data-element_type=\"widget\" data-e-type=\"widget\" data-widget_type=\"text-editor.default\">\n\t\t\t\t<div class=\"elementor-widget-container\">\n\t\t\t\t\t\t\t\t\t\n<p>Entwickelt wurde dieser Verschluss urspr\u00fcnglich f\u00fcr den italienischen Markt, wo die Prosecco-Flaschen per Hand mit einer Kordel unter gro\u00dfer Anstrengung angebracht wurden. Ende der 1990er Jahre wurden in Italien j\u00e4hrlich um die 20 Mio. Flaschen Prosecco verkauft. Bedingt durch den gro\u00dfen Bedarf auf dem italienischen Markt, die Herstellung von Secco seitens der deutschen Kellereien und den steigenden Absatz in Deutschland, entstand der Gedanke, sich der Herausforderung zu stellen, diesen Verschlusstyp automatisch zu fertigen.<\/p>\n\n<p>Nachdem eine Herstellungsmaschine von unseren Technikern entwickelt und gebaut wurde, das entsprechende Material definiert war, und die entsprechenden Lieferquellen gefunden waren, war der n\u00e4chste Schritt die automatische Verdrillung der Kordelverschl\u00fcsse auf der Flasche.<\/p>\n\n<p>Zun\u00e4chst wurde der Verdrillkopf entwickelt, um die Verdrillung des Verschlusses auf der Flasche vorzunehmen. Nachdem der Verdrillkopf fertig konstruiert war, wurde daraufhin die erste Kordelaufsetzmaschine mit manueller Aufsetzung entwickelt und gebaut. Es folgte die Entwicklung zwei weiterer Maschinentypen, wie sie heute in unserem Portfolio angebotenen werden.<\/p>\n\n<p>Die Besonderheit dieses Verschlusses ist, dass dieser nicht nur aus einer Kordel hergestellt wird, sondern in der Kordel ein Draht eingearbeitet ist.<\/p>\n\n<p>Der Draht wird nach ISO 16120-2 C9D hergestellt. Die Kordel als solche ist aus naturbelassenem oder eingef\u00e4rbten Hanf gefertigt. Kordelverschl\u00fcsse sind Dekorationselemente f\u00fcr Flaschen oder \u00e4hnliche Beh\u00e4ltnisse und bieten vielseitige Einsatzm\u00f6glichkeiten.<\/p>\n\n<p>Sie gew\u00e4hrleisten nicht den sicheren Halt der Stopfen auf Schaumweinflaschen entsprechend der EU-VERORDNUNG (EG) Nr. 479\/2008. Verwendet werden sie mit Naturkorken. Durch die Konstruktion des Kordelverschlusses ist dieser in der Lage, sich dem Flaschenhals und dem Flaschenkopf anzupassen.<\/p>\n\n<p>F\u00fcr die Verarbeitung der Kordelverschl\u00fcsse bieten wir sowohl halbautomatische als auch vollautomatische <span style=\"color: #22a636;\"><a style=\"color: #22a636;\" href=\"http:\/\/verschluss.de\/schneider\/maschinen\/\">Kordelaufsetzmaschinen<\/a> <\/span>an.<\/p>\n\n<p>Der Kordelverschluss ist in verschiedenen Farben erh\u00e4ltlich.<\/p>\n\n<p>Sprechen Sie uns an und wir finden gemeinsam f\u00fcr Ihre individuelle Ausstattung Ihren eigenen Kordelverschluss!<\/p>\n\t\t\t\t\t\t\t\t<\/div>\n\t\t\t\t<\/div>\n\t\t\t\t<div class=\"elementor-element elementor-element-abf88a5 elementor-widget elementor-widget-video\" data-id=\"abf88a5\" data-element_type=\"widget\" data-e-type=\"widget\" data-settings=\"{&quot;youtube_url&quot;:&quot;https:\\\/\\\/youtu.be\\\/JpiAvIjR5AA&quot;,&quot;video_type&quot;:&quot;youtube&quot;,&quot;controls&quot;:&quot;yes&quot;}\" data-widget_type=\"video.default\">\n\t\t\t\t<div class=\"elementor-widget-container\">\n\t\t\t\t\t\t\t<div class=\"elementor-wrapper elementor-open-inline\">\n\t\t\t<div class=\"elementor-video\"><\/div>\t\t<\/div>\n\t\t\t\t\t\t<\/div>\n\t\t\t\t<\/div>\n\t\t\t\t\t<\/div>\n\t\t<\/div>\n\t\t\t\t\t<\/div>\n\t\t<\/section>\n\t\t\t\t<\/div>\n\t\t","protected":false},"excerpt":{"rendered":"<p>Entwickelt wurde dieser Verschluss urspr\u00fcnglich f\u00fcr den italienischen Markt, wo die Prosecco-Flaschen per Hand mit einer Kordel unter gro\u00dfer Anstrengung angebracht wurden. Ende der 1990er Jahre wurden in Italien j\u00e4hrlich um die 20 Mio. Flaschen Prosecco verkauft. Bedingt durch den gro\u00dfen Bedarf auf dem italienischen Markt, die Herstellung von Secco seitens der deutschen Kellereien und [&hellip;]<\/p>\n","protected":false},"author":1,"featured_media":0,"comment_status":"open","ping_status":"open","sticky":false,"template":"","format":"standard","meta":{"site-sidebar-layout":"default","site-content-layout":"","ast-site-content-layout":"default","site-content-style":"default","site-sidebar-style":"default","ast-global-header-display":"","ast-banner-title-visibility":"","ast-main-header-display":"","ast-hfb-above-header-display":"","ast-hfb-below-header-display":"","ast-hfb-mobile-header-display":"","site-post-title":"","ast-breadcrumbs-content":"","ast-featured-img":"","footer-sml-layout":"","ast-disable-related-posts":"","theme-transparent-header-meta":"","adv-header-id-meta":"","stick-header-meta":"","header-above-stick-meta":"","header-main-stick-meta":"","header-below-stick-meta":"","astra-migrate-meta-layouts":"default","ast-page-background-enabled":"default","ast-page-background-meta":{"desktop":{"background-color":"var(--ast-global-color-4)","background-image":"","background-repeat":"repeat","background-position":"center center","background-size":"auto","background-attachment":"scroll","background-type":"","background-media":"","overlay-type":"","overlay-color":"","overlay-opacity":"","overlay-gradient":""},"tablet":{"background-color":"","background-image":"","background-repeat":"repeat","background-position":"center center","background-size":"auto","background-attachment":"scroll","background-type":"","background-media":"","overlay-type":"","overlay-color":"","overlay-opacity":"","overlay-gradient":""},"mobile":{"background-color":"","background-image":"","background-repeat":"repeat","background-position":"center center","background-size":"auto","background-attachment":"scroll","background-type":"","background-media":"","overlay-type":"","overlay-color":"","overlay-opacity":"","overlay-gradient":""}},"ast-content-background-meta":{"desktop":{"background-color":"var(--ast-global-color-5)","background-image":"","background-repeat":"repeat","background-position":"center center","background-size":"auto","background-attachment":"scroll","background-type":"","background-media":"","overlay-type":"","overlay-color":"","overlay-opacity":"","overlay-gradient":""},"tablet":{"background-color":"var(--ast-global-color-5)","background-image":"","background-repeat":"repeat","background-position":"center center","background-size":"auto","background-attachment":"scroll","background-type":"","background-media":"","overlay-type":"","overlay-color":"","overlay-opacity":"","overlay-gradient":""},"mobile":{"background-color":"var(--ast-global-color-5)","background-image":"","background-repeat":"repeat","background-position":"center center","background-size":"auto","background-attachment":"scroll","background-type":"","background-media":"","overlay-type":"","overlay-color":"","overlay-opacity":"","overlay-gradient":""}},"footnotes":""},"categories":[9],"tags":[],"class_list":["post-5948","post","type-post","status-publish","format-standard","hentry","category-schneider"],"yoast_head":"<!-- This site is optimized with the Yoast SEO plugin v27.4 - https:\/\/yoast.com\/product\/yoast-seo-wordpress\/ -->\n<title>Die Secco-Kordel - Verschluss.de<\/title>\n<meta name=\"robots\" content=\"index, follow, max-snippet:-1, max-image-preview:large, max-video-preview:-1\" \/>\n<link rel=\"canonical\" href=\"https:\/\/verschluss.de\/en\/schneider\/die-secco-kordel\/\" \/>\n<meta property=\"og:locale\" content=\"en_GB\" \/>\n<meta property=\"og:type\" content=\"article\" \/>\n<meta property=\"og:title\" content=\"Die Secco-Kordel - Verschluss.de\" \/>\n<meta property=\"og:description\" content=\"Entwickelt wurde dieser Verschluss urspr\u00fcnglich f\u00fcr den italienischen Markt, wo die Prosecco-Flaschen per Hand mit einer Kordel unter gro\u00dfer Anstrengung angebracht wurden. Ende der 1990er Jahre wurden in Italien j\u00e4hrlich um die 20 Mio. Flaschen Prosecco verkauft. Bedingt durch den gro\u00dfen Bedarf auf dem italienischen Markt, die Herstellung von Secco seitens der deutschen Kellereien und [&hellip;]\" \/>\n<meta property=\"og:url\" content=\"https:\/\/verschluss.de\/en\/schneider\/die-secco-kordel\/\" \/>\n<meta property=\"og:site_name\" content=\"Verschluss.de\" \/>\n<meta property=\"article:published_time\" content=\"2021-06-09T19:49:00+00:00\" \/>\n<meta property=\"article:modified_time\" content=\"2021-12-19T20:52:27+00:00\" \/>\n<meta property=\"og:image\" content=\"https:\/\/verschluss.de\/wp-content\/uploads\/2021\/12\/Sch-249-980x653-1.jpg\" \/>\n\t<meta property=\"og:image:width\" content=\"980\" \/>\n\t<meta property=\"og:image:height\" content=\"653\" \/>\n\t<meta property=\"og:image:type\" content=\"image\/jpeg\" \/>\n<meta name=\"author\" content=\"AndiKopp\" \/>\n<meta name=\"twitter:card\" content=\"summary_large_image\" \/>\n<meta name=\"twitter:label1\" content=\"Written by\" \/>\n\t<meta name=\"twitter:data1\" content=\"AndiKopp\" \/>\n\t<meta name=\"twitter:label2\" content=\"Estimated reading time\" \/>\n\t<meta name=\"twitter:data2\" content=\"2 minutes\" \/>\n<script type=\"application\/ld+json\" class=\"yoast-schema-graph\">{\"@context\":\"https:\\\/\\\/schema.org\",\"@graph\":[{\"@type\":\"Article\",\"@id\":\"https:\\\/\\\/verschluss.de\\\/schneider\\\/die-secco-kordel\\\/#article\",\"isPartOf\":{\"@id\":\"https:\\\/\\\/verschluss.de\\\/schneider\\\/die-secco-kordel\\\/\"},\"author\":{\"name\":\"AndiKopp\",\"@id\":\"https:\\\/\\\/verschluss.de\\\/#\\\/schema\\\/person\\\/d1c51f93627182cb8f1c3cc2a67fbeab\"},\"headline\":\"Die Secco-Kordel\",\"datePublished\":\"2021-06-09T19:49:00+00:00\",\"dateModified\":\"2021-12-19T20:52:27+00:00\",\"mainEntityOfPage\":{\"@id\":\"https:\\\/\\\/verschluss.de\\\/schneider\\\/die-secco-kordel\\\/\"},\"wordCount\":303,\"commentCount\":0,\"articleSection\":[\"Schneider\"],\"inLanguage\":\"en-GB\",\"potentialAction\":[{\"@type\":\"CommentAction\",\"name\":\"Comment\",\"target\":[\"https:\\\/\\\/verschluss.de\\\/schneider\\\/die-secco-kordel\\\/#respond\"]}]},{\"@type\":\"WebPage\",\"@id\":\"https:\\\/\\\/verschluss.de\\\/schneider\\\/die-secco-kordel\\\/\",\"url\":\"https:\\\/\\\/verschluss.de\\\/schneider\\\/die-secco-kordel\\\/\",\"name\":\"Die Secco-Kordel - Verschluss.de\",\"isPartOf\":{\"@id\":\"https:\\\/\\\/verschluss.de\\\/#website\"},\"datePublished\":\"2021-06-09T19:49:00+00:00\",\"dateModified\":\"2021-12-19T20:52:27+00:00\",\"author\":{\"@id\":\"https:\\\/\\\/verschluss.de\\\/#\\\/schema\\\/person\\\/d1c51f93627182cb8f1c3cc2a67fbeab\"},\"breadcrumb\":{\"@id\":\"https:\\\/\\\/verschluss.de\\\/schneider\\\/die-secco-kordel\\\/#breadcrumb\"},\"inLanguage\":\"en-GB\",\"potentialAction\":[{\"@type\":\"ReadAction\",\"target\":[\"https:\\\/\\\/verschluss.de\\\/schneider\\\/die-secco-kordel\\\/\"]}]},{\"@type\":\"BreadcrumbList\",\"@id\":\"https:\\\/\\\/verschluss.de\\\/schneider\\\/die-secco-kordel\\\/#breadcrumb\",\"itemListElement\":[{\"@type\":\"ListItem\",\"position\":1,\"name\":\"Startseite\",\"item\":\"https:\\\/\\\/verschluss.de\\\/\"},{\"@type\":\"ListItem\",\"position\":2,\"name\":\"Die Secco-Kordel\"}]},{\"@type\":\"WebSite\",\"@id\":\"https:\\\/\\\/verschluss.de\\\/#website\",\"url\":\"https:\\\/\\\/verschluss.de\\\/\",\"name\":\"Verschluss.de\",\"description\":\"Wir entwickeln und realisieren Ihre Visionen in der Welt der Thermoplaste\",\"potentialAction\":[{\"@type\":\"SearchAction\",\"target\":{\"@type\":\"EntryPoint\",\"urlTemplate\":\"https:\\\/\\\/verschluss.de\\\/?s={search_term_string}\"},\"query-input\":{\"@type\":\"PropertyValueSpecification\",\"valueRequired\":true,\"valueName\":\"search_term_string\"}}],\"inLanguage\":\"en-GB\"},{\"@type\":\"Person\",\"@id\":\"https:\\\/\\\/verschluss.de\\\/#\\\/schema\\\/person\\\/d1c51f93627182cb8f1c3cc2a67fbeab\",\"name\":\"AndiKopp\",\"image\":{\"@type\":\"ImageObject\",\"inLanguage\":\"en-GB\",\"@id\":\"https:\\\/\\\/secure.gravatar.com\\\/avatar\\\/43a09eaa646fa3c58fba5c40bc150ea256f71a0384d269e88dbd24c4c935eb81?s=96&d=mm&r=g\",\"url\":\"https:\\\/\\\/secure.gravatar.com\\\/avatar\\\/43a09eaa646fa3c58fba5c40bc150ea256f71a0384d269e88dbd24c4c935eb81?s=96&d=mm&r=g\",\"contentUrl\":\"https:\\\/\\\/secure.gravatar.com\\\/avatar\\\/43a09eaa646fa3c58fba5c40bc150ea256f71a0384d269e88dbd24c4c935eb81?s=96&d=mm&r=g\",\"caption\":\"AndiKopp\"},\"sameAs\":[\"http:\\\/\\\/neu.schneider-icas-gruppe.com\"],\"url\":\"https:\\\/\\\/verschluss.de\\\/en\\\/author\\\/andikopp\\\/\"}]}<\/script>\n<!-- \/ Yoast SEO plugin. -->","yoast_head_json":{"title":"Die Secco-Kordel - Verschluss.de","robots":{"index":"index","follow":"follow","max-snippet":"max-snippet:-1","max-image-preview":"max-image-preview:large","max-video-preview":"max-video-preview:-1"},"canonical":"https:\/\/verschluss.de\/en\/schneider\/die-secco-kordel\/","og_locale":"en_GB","og_type":"article","og_title":"Die Secco-Kordel - Verschluss.de","og_description":"Entwickelt wurde dieser Verschluss urspr\u00fcnglich f\u00fcr den italienischen Markt, wo die Prosecco-Flaschen per Hand mit einer Kordel unter gro\u00dfer Anstrengung angebracht wurden. Ende der 1990er Jahre wurden in Italien j\u00e4hrlich um die 20 Mio. Flaschen Prosecco verkauft. Bedingt durch den gro\u00dfen Bedarf auf dem italienischen Markt, die Herstellung von Secco seitens der deutschen Kellereien und [&hellip;]","og_url":"https:\/\/verschluss.de\/en\/schneider\/die-secco-kordel\/","og_site_name":"Verschluss.de","article_published_time":"2021-06-09T19:49:00+00:00","article_modified_time":"2021-12-19T20:52:27+00:00","og_image":[{"width":980,"height":653,"url":"https:\/\/verschluss.de\/wp-content\/uploads\/2021\/12\/Sch-249-980x653-1.jpg","type":"image\/jpeg"}],"author":"AndiKopp","twitter_card":"summary_large_image","twitter_misc":{"Written by":"AndiKopp","Estimated reading time":"2 minutes"},"schema":{"@context":"https:\/\/schema.org","@graph":[{"@type":"Article","@id":"https:\/\/verschluss.de\/schneider\/die-secco-kordel\/#article","isPartOf":{"@id":"https:\/\/verschluss.de\/schneider\/die-secco-kordel\/"},"author":{"name":"AndiKopp","@id":"https:\/\/verschluss.de\/#\/schema\/person\/d1c51f93627182cb8f1c3cc2a67fbeab"},"headline":"Die Secco-Kordel","datePublished":"2021-06-09T19:49:00+00:00","dateModified":"2021-12-19T20:52:27+00:00","mainEntityOfPage":{"@id":"https:\/\/verschluss.de\/schneider\/die-secco-kordel\/"},"wordCount":303,"commentCount":0,"articleSection":["Schneider"],"inLanguage":"en-GB","potentialAction":[{"@type":"CommentAction","name":"Comment","target":["https:\/\/verschluss.de\/schneider\/die-secco-kordel\/#respond"]}]},{"@type":"WebPage","@id":"https:\/\/verschluss.de\/schneider\/die-secco-kordel\/","url":"https:\/\/verschluss.de\/schneider\/die-secco-kordel\/","name":"Die Secco-Kordel - Verschluss.de","isPartOf":{"@id":"https:\/\/verschluss.de\/#website"},"datePublished":"2021-06-09T19:49:00+00:00","dateModified":"2021-12-19T20:52:27+00:00","author":{"@id":"https:\/\/verschluss.de\/#\/schema\/person\/d1c51f93627182cb8f1c3cc2a67fbeab"},"breadcrumb":{"@id":"https:\/\/verschluss.de\/schneider\/die-secco-kordel\/#breadcrumb"},"inLanguage":"en-GB","potentialAction":[{"@type":"ReadAction","target":["https:\/\/verschluss.de\/schneider\/die-secco-kordel\/"]}]},{"@type":"BreadcrumbList","@id":"https:\/\/verschluss.de\/schneider\/die-secco-kordel\/#breadcrumb","itemListElement":[{"@type":"ListItem","position":1,"name":"Startseite","item":"https:\/\/verschluss.de\/"},{"@type":"ListItem","position":2,"name":"Die Secco-Kordel"}]},{"@type":"WebSite","@id":"https:\/\/verschluss.de\/#website","url":"https:\/\/verschluss.de\/","name":"Verschluss.de","description":"Wir entwickeln und realisieren Ihre Visionen in der Welt der Thermoplaste","potentialAction":[{"@type":"SearchAction","target":{"@type":"EntryPoint","urlTemplate":"https:\/\/verschluss.de\/?s={search_term_string}"},"query-input":{"@type":"PropertyValueSpecification","valueRequired":true,"valueName":"search_term_string"}}],"inLanguage":"en-GB"},{"@type":"Person","@id":"https:\/\/verschluss.de\/#\/schema\/person\/d1c51f93627182cb8f1c3cc2a67fbeab","name":"AndiKopp","image":{"@type":"ImageObject","inLanguage":"en-GB","@id":"https:\/\/secure.gravatar.com\/avatar\/43a09eaa646fa3c58fba5c40bc150ea256f71a0384d269e88dbd24c4c935eb81?s=96&d=mm&r=g","url":"https:\/\/secure.gravatar.com\/avatar\/43a09eaa646fa3c58fba5c40bc150ea256f71a0384d269e88dbd24c4c935eb81?s=96&d=mm&r=g","contentUrl":"https:\/\/secure.gravatar.com\/avatar\/43a09eaa646fa3c58fba5c40bc150ea256f71a0384d269e88dbd24c4c935eb81?s=96&d=mm&r=g","caption":"AndiKopp"},"sameAs":["http:\/\/neu.schneider-icas-gruppe.com"],"url":"https:\/\/verschluss.de\/en\/author\/andikopp\/"}]}},"_links":{"self":[{"href":"https:\/\/verschluss.de\/en\/wp-json\/wp\/v2\/posts\/5948","targetHints":{"allow":["GET"]}}],"collection":[{"href":"https:\/\/verschluss.de\/en\/wp-json\/wp\/v2\/posts"}],"about":[{"href":"https:\/\/verschluss.de\/en\/wp-json\/wp\/v2\/types\/post"}],"author":[{"embeddable":true,"href":"https:\/\/verschluss.de\/en\/wp-json\/wp\/v2\/users\/1"}],"replies":[{"embeddable":true,"href":"https:\/\/verschluss.de\/en\/wp-json\/wp\/v2\/comments?post=5948"}],"version-history":[{"count":7,"href":"https:\/\/verschluss.de\/en\/wp-json\/wp\/v2\/posts\/5948\/revisions"}],"predecessor-version":[{"id":5956,"href":"https:\/\/verschluss.de\/en\/wp-json\/wp\/v2\/posts\/5948\/revisions\/5956"}],"wp:attachment":[{"href":"https:\/\/verschluss.de\/en\/wp-json\/wp\/v2\/media?parent=5948"}],"wp:term":[{"taxonomy":"category","embeddable":true,"href":"https:\/\/verschluss.de\/en\/wp-json\/wp\/v2\/categories?post=5948"},{"taxonomy":"post_tag","embeddable":true,"href":"https:\/\/verschluss.de\/en\/wp-json\/wp\/v2\/tags?post=5948"}],"curies":[{"name":"wp","href":"https:\/\/api.w.org\/{rel}","templated":true}]}}