{"id":5999,"date":"2019-08-28T22:37:00","date_gmt":"2019-08-28T20:37:00","guid":{"rendered":"https:\/\/www.neu.schneider-icas-gruppe.com\/?p=5999"},"modified":"2021-12-19T22:38:40","modified_gmt":"2021-12-19T21:38:40","slug":"arrivederci","status":"publish","type":"post","link":"https:\/\/verschluss.de\/en\/schneider\/arrivederci\/","title":{"rendered":"Arrivederci!"},"content":{"rendered":"<p>Am 1. September 2019 verl\u00e4sst uns\u00a0 unser Mitarbeiter <strong>Herr Francesco Brugaletta<\/strong> nach \u00fcber 40 Jahren Betriebszugeh\u00f6rigkeit, um seinen wohlverdienten Ruhestand anzutreten. Herr Brugaletta war \u00fcber viele Jahre Bindeglied zu unserer italienischen Tochtergesellschaft und f\u00fcr die technische Betreuung unserer Kunden verantwortlich. Er war bei Kunden und Mitarbeitern wegen seiner fairen und kollegialen Art gleicherma\u00dfen beliebt. Wir w\u00fcnschen Herrn Brugaletta alles Gute f\u00fcr den neuen Lebensabschnitt und den wohlverdienten Ruhestand.<\/p>","protected":false},"excerpt":{"rendered":"<p>Am 1. September 2019 verl\u00e4sst uns\u00a0 unser Mitarbeiter Herr Francesco Brugaletta nach \u00fcber 40 Jahren Betriebszugeh\u00f6rigkeit, um seinen wohlverdienten Ruhestand anzutreten. Herr Brugaletta war \u00fcber viele Jahre Bindeglied zu unserer italienischen Tochtergesellschaft und f\u00fcr die technische Betreuung unserer Kunden verantwortlich. Er war bei Kunden und Mitarbeitern wegen seiner fairen und kollegialen Art gleicherma\u00dfen beliebt. Wir [&hellip;]<\/p>\n","protected":false},"author":1,"featured_media":0,"comment_status":"open","ping_status":"open","sticky":false,"template":"","format":"standard","meta":{"site-sidebar-layout":"default","site-content-layout":"","ast-site-content-layout":"default","site-content-style":"default","site-sidebar-style":"default","ast-global-header-display":"","ast-banner-title-visibility":"","ast-main-header-display":"","ast-hfb-above-header-display":"","ast-hfb-below-header-display":"","ast-hfb-mobile-header-display":"","site-post-title":"","ast-breadcrumbs-content":"","ast-featured-img":"","footer-sml-layout":"","ast-disable-related-posts":"","theme-transparent-header-meta":"","adv-header-id-meta":"","stick-header-meta":"","header-above-stick-meta":"","header-main-stick-meta":"","header-below-stick-meta":"","astra-migrate-meta-layouts":"default","ast-page-background-enabled":"default","ast-page-background-meta":{"desktop":{"background-color":"var(--ast-global-color-4)","background-image":"","background-repeat":"repeat","background-position":"center center","background-size":"auto","background-attachment":"scroll","background-type":"","background-media":"","overlay-type":"","overlay-color":"","overlay-opacity":"","overlay-gradient":""},"tablet":{"background-color":"","background-image":"","background-repeat":"repeat","background-position":"center center","background-size":"auto","background-attachment":"scroll","background-type":"","background-media":"","overlay-type":"","overlay-color":"","overlay-opacity":"","overlay-gradient":""},"mobile":{"background-color":"","background-image":"","background-repeat":"repeat","background-position":"center center","background-size":"auto","background-attachment":"scroll","background-type":"","background-media":"","overlay-type":"","overlay-color":"","overlay-opacity":"","overlay-gradient":""}},"ast-content-background-meta":{"desktop":{"background-color":"var(--ast-global-color-5)","background-image":"","background-repeat":"repeat","background-position":"center center","background-size":"auto","background-attachment":"scroll","background-type":"","background-media":"","overlay-type":"","overlay-color":"","overlay-opacity":"","overlay-gradient":""},"tablet":{"background-color":"var(--ast-global-color-5)","background-image":"","background-repeat":"repeat","background-position":"center center","background-size":"auto","background-attachment":"scroll","background-type":"","background-media":"","overlay-type":"","overlay-color":"","overlay-opacity":"","overlay-gradient":""},"mobile":{"background-color":"var(--ast-global-color-5)","background-image":"","background-repeat":"repeat","background-position":"center center","background-size":"auto","background-attachment":"scroll","background-type":"","background-media":"","overlay-type":"","overlay-color":"","overlay-opacity":"","overlay-gradient":""}},"footnotes":""},"categories":[9],"tags":[],"class_list":["post-5999","post","type-post","status-publish","format-standard","hentry","category-schneider"],"yoast_head":"<!-- This site is optimized with the Yoast SEO plugin v27.4 - https:\/\/yoast.com\/product\/yoast-seo-wordpress\/ -->\n<title>Arrivederci! - Verschluss.de<\/title>\n<meta name=\"robots\" content=\"index, follow, max-snippet:-1, max-image-preview:large, max-video-preview:-1\" \/>\n<link rel=\"canonical\" href=\"https:\/\/verschluss.de\/en\/schneider\/arrivederci\/\" \/>\n<meta property=\"og:locale\" content=\"en_GB\" \/>\n<meta property=\"og:type\" content=\"article\" \/>\n<meta property=\"og:title\" content=\"Arrivederci! - Verschluss.de\" \/>\n<meta property=\"og:description\" content=\"Am 1. September 2019 verl\u00e4sst uns\u00a0 unser Mitarbeiter Herr Francesco Brugaletta nach \u00fcber 40 Jahren Betriebszugeh\u00f6rigkeit, um seinen wohlverdienten Ruhestand anzutreten. Herr Brugaletta war \u00fcber viele Jahre Bindeglied zu unserer italienischen Tochtergesellschaft und f\u00fcr die technische Betreuung unserer Kunden verantwortlich. Er war bei Kunden und Mitarbeitern wegen seiner fairen und kollegialen Art gleicherma\u00dfen beliebt. Wir [&hellip;]\" \/>\n<meta property=\"og:url\" content=\"https:\/\/verschluss.de\/en\/schneider\/arrivederci\/\" \/>\n<meta property=\"og:site_name\" content=\"Verschluss.de\" \/>\n<meta property=\"article:published_time\" content=\"2019-08-28T20:37:00+00:00\" \/>\n<meta property=\"article:modified_time\" content=\"2021-12-19T21:38:40+00:00\" \/>\n<meta property=\"og:image\" content=\"https:\/\/verschluss.de\/wp-content\/uploads\/2021\/12\/Francesco-Brugaletta-800x675-1.jpg\" \/>\n\t<meta property=\"og:image:width\" content=\"800\" \/>\n\t<meta property=\"og:image:height\" content=\"675\" \/>\n\t<meta property=\"og:image:type\" content=\"image\/jpeg\" \/>\n<meta name=\"author\" content=\"AndiKopp\" \/>\n<meta name=\"twitter:card\" content=\"summary_large_image\" \/>\n<meta name=\"twitter:label1\" content=\"Written by\" \/>\n\t<meta name=\"twitter:data1\" content=\"AndiKopp\" \/>\n\t<meta name=\"twitter:label2\" content=\"Estimated reading time\" \/>\n\t<meta name=\"twitter:data2\" content=\"1 minute\" \/>\n<script type=\"application\/ld+json\" class=\"yoast-schema-graph\">{\"@context\":\"https:\\\/\\\/schema.org\",\"@graph\":[{\"@type\":\"Article\",\"@id\":\"https:\\\/\\\/verschluss.de\\\/schneider\\\/arrivederci\\\/#article\",\"isPartOf\":{\"@id\":\"https:\\\/\\\/verschluss.de\\\/schneider\\\/arrivederci\\\/\"},\"author\":{\"name\":\"AndiKopp\",\"@id\":\"https:\\\/\\\/verschluss.de\\\/#\\\/schema\\\/person\\\/d1c51f93627182cb8f1c3cc2a67fbeab\"},\"headline\":\"Arrivederci!\",\"datePublished\":\"2019-08-28T20:37:00+00:00\",\"dateModified\":\"2021-12-19T21:38:40+00:00\",\"mainEntityOfPage\":{\"@id\":\"https:\\\/\\\/verschluss.de\\\/schneider\\\/arrivederci\\\/\"},\"wordCount\":72,\"commentCount\":0,\"articleSection\":[\"Schneider\"],\"inLanguage\":\"en-GB\",\"potentialAction\":[{\"@type\":\"CommentAction\",\"name\":\"Comment\",\"target\":[\"https:\\\/\\\/verschluss.de\\\/schneider\\\/arrivederci\\\/#respond\"]}]},{\"@type\":\"WebPage\",\"@id\":\"https:\\\/\\\/verschluss.de\\\/schneider\\\/arrivederci\\\/\",\"url\":\"https:\\\/\\\/verschluss.de\\\/schneider\\\/arrivederci\\\/\",\"name\":\"Arrivederci! - Verschluss.de\",\"isPartOf\":{\"@id\":\"https:\\\/\\\/verschluss.de\\\/#website\"},\"datePublished\":\"2019-08-28T20:37:00+00:00\",\"dateModified\":\"2021-12-19T21:38:40+00:00\",\"author\":{\"@id\":\"https:\\\/\\\/verschluss.de\\\/#\\\/schema\\\/person\\\/d1c51f93627182cb8f1c3cc2a67fbeab\"},\"breadcrumb\":{\"@id\":\"https:\\\/\\\/verschluss.de\\\/schneider\\\/arrivederci\\\/#breadcrumb\"},\"inLanguage\":\"en-GB\",\"potentialAction\":[{\"@type\":\"ReadAction\",\"target\":[\"https:\\\/\\\/verschluss.de\\\/schneider\\\/arrivederci\\\/\"]}]},{\"@type\":\"BreadcrumbList\",\"@id\":\"https:\\\/\\\/verschluss.de\\\/schneider\\\/arrivederci\\\/#breadcrumb\",\"itemListElement\":[{\"@type\":\"ListItem\",\"position\":1,\"name\":\"Startseite\",\"item\":\"https:\\\/\\\/verschluss.de\\\/\"},{\"@type\":\"ListItem\",\"position\":2,\"name\":\"Arrivederci!\"}]},{\"@type\":\"WebSite\",\"@id\":\"https:\\\/\\\/verschluss.de\\\/#website\",\"url\":\"https:\\\/\\\/verschluss.de\\\/\",\"name\":\"Verschluss.de\",\"description\":\"Wir entwickeln und realisieren Ihre Visionen in der Welt der Thermoplaste\",\"potentialAction\":[{\"@type\":\"SearchAction\",\"target\":{\"@type\":\"EntryPoint\",\"urlTemplate\":\"https:\\\/\\\/verschluss.de\\\/?s={search_term_string}\"},\"query-input\":{\"@type\":\"PropertyValueSpecification\",\"valueRequired\":true,\"valueName\":\"search_term_string\"}}],\"inLanguage\":\"en-GB\"},{\"@type\":\"Person\",\"@id\":\"https:\\\/\\\/verschluss.de\\\/#\\\/schema\\\/person\\\/d1c51f93627182cb8f1c3cc2a67fbeab\",\"name\":\"AndiKopp\",\"image\":{\"@type\":\"ImageObject\",\"inLanguage\":\"en-GB\",\"@id\":\"https:\\\/\\\/secure.gravatar.com\\\/avatar\\\/43a09eaa646fa3c58fba5c40bc150ea256f71a0384d269e88dbd24c4c935eb81?s=96&d=mm&r=g\",\"url\":\"https:\\\/\\\/secure.gravatar.com\\\/avatar\\\/43a09eaa646fa3c58fba5c40bc150ea256f71a0384d269e88dbd24c4c935eb81?s=96&d=mm&r=g\",\"contentUrl\":\"https:\\\/\\\/secure.gravatar.com\\\/avatar\\\/43a09eaa646fa3c58fba5c40bc150ea256f71a0384d269e88dbd24c4c935eb81?s=96&d=mm&r=g\",\"caption\":\"AndiKopp\"},\"sameAs\":[\"http:\\\/\\\/neu.schneider-icas-gruppe.com\"],\"url\":\"https:\\\/\\\/verschluss.de\\\/en\\\/author\\\/andikopp\\\/\"}]}<\/script>\n<!-- \/ Yoast SEO plugin. -->","yoast_head_json":{"title":"Arrivederci! - Verschluss.de","robots":{"index":"index","follow":"follow","max-snippet":"max-snippet:-1","max-image-preview":"max-image-preview:large","max-video-preview":"max-video-preview:-1"},"canonical":"https:\/\/verschluss.de\/en\/schneider\/arrivederci\/","og_locale":"en_GB","og_type":"article","og_title":"Arrivederci! - Verschluss.de","og_description":"Am 1. September 2019 verl\u00e4sst uns\u00a0 unser Mitarbeiter Herr Francesco Brugaletta nach \u00fcber 40 Jahren Betriebszugeh\u00f6rigkeit, um seinen wohlverdienten Ruhestand anzutreten. Herr Brugaletta war \u00fcber viele Jahre Bindeglied zu unserer italienischen Tochtergesellschaft und f\u00fcr die technische Betreuung unserer Kunden verantwortlich. Er war bei Kunden und Mitarbeitern wegen seiner fairen und kollegialen Art gleicherma\u00dfen beliebt. Wir [&hellip;]","og_url":"https:\/\/verschluss.de\/en\/schneider\/arrivederci\/","og_site_name":"Verschluss.de","article_published_time":"2019-08-28T20:37:00+00:00","article_modified_time":"2021-12-19T21:38:40+00:00","og_image":[{"width":800,"height":675,"url":"https:\/\/verschluss.de\/wp-content\/uploads\/2021\/12\/Francesco-Brugaletta-800x675-1.jpg","type":"image\/jpeg"}],"author":"AndiKopp","twitter_card":"summary_large_image","twitter_misc":{"Written by":"AndiKopp","Estimated reading time":"1 minute"},"schema":{"@context":"https:\/\/schema.org","@graph":[{"@type":"Article","@id":"https:\/\/verschluss.de\/schneider\/arrivederci\/#article","isPartOf":{"@id":"https:\/\/verschluss.de\/schneider\/arrivederci\/"},"author":{"name":"AndiKopp","@id":"https:\/\/verschluss.de\/#\/schema\/person\/d1c51f93627182cb8f1c3cc2a67fbeab"},"headline":"Arrivederci!","datePublished":"2019-08-28T20:37:00+00:00","dateModified":"2021-12-19T21:38:40+00:00","mainEntityOfPage":{"@id":"https:\/\/verschluss.de\/schneider\/arrivederci\/"},"wordCount":72,"commentCount":0,"articleSection":["Schneider"],"inLanguage":"en-GB","potentialAction":[{"@type":"CommentAction","name":"Comment","target":["https:\/\/verschluss.de\/schneider\/arrivederci\/#respond"]}]},{"@type":"WebPage","@id":"https:\/\/verschluss.de\/schneider\/arrivederci\/","url":"https:\/\/verschluss.de\/schneider\/arrivederci\/","name":"Arrivederci! - Verschluss.de","isPartOf":{"@id":"https:\/\/verschluss.de\/#website"},"datePublished":"2019-08-28T20:37:00+00:00","dateModified":"2021-12-19T21:38:40+00:00","author":{"@id":"https:\/\/verschluss.de\/#\/schema\/person\/d1c51f93627182cb8f1c3cc2a67fbeab"},"breadcrumb":{"@id":"https:\/\/verschluss.de\/schneider\/arrivederci\/#breadcrumb"},"inLanguage":"en-GB","potentialAction":[{"@type":"ReadAction","target":["https:\/\/verschluss.de\/schneider\/arrivederci\/"]}]},{"@type":"BreadcrumbList","@id":"https:\/\/verschluss.de\/schneider\/arrivederci\/#breadcrumb","itemListElement":[{"@type":"ListItem","position":1,"name":"Startseite","item":"https:\/\/verschluss.de\/"},{"@type":"ListItem","position":2,"name":"Arrivederci!"}]},{"@type":"WebSite","@id":"https:\/\/verschluss.de\/#website","url":"https:\/\/verschluss.de\/","name":"Verschluss.de","description":"Wir entwickeln und realisieren Ihre Visionen in der Welt der Thermoplaste","potentialAction":[{"@type":"SearchAction","target":{"@type":"EntryPoint","urlTemplate":"https:\/\/verschluss.de\/?s={search_term_string}"},"query-input":{"@type":"PropertyValueSpecification","valueRequired":true,"valueName":"search_term_string"}}],"inLanguage":"en-GB"},{"@type":"Person","@id":"https:\/\/verschluss.de\/#\/schema\/person\/d1c51f93627182cb8f1c3cc2a67fbeab","name":"AndiKopp","image":{"@type":"ImageObject","inLanguage":"en-GB","@id":"https:\/\/secure.gravatar.com\/avatar\/43a09eaa646fa3c58fba5c40bc150ea256f71a0384d269e88dbd24c4c935eb81?s=96&d=mm&r=g","url":"https:\/\/secure.gravatar.com\/avatar\/43a09eaa646fa3c58fba5c40bc150ea256f71a0384d269e88dbd24c4c935eb81?s=96&d=mm&r=g","contentUrl":"https:\/\/secure.gravatar.com\/avatar\/43a09eaa646fa3c58fba5c40bc150ea256f71a0384d269e88dbd24c4c935eb81?s=96&d=mm&r=g","caption":"AndiKopp"},"sameAs":["http:\/\/neu.schneider-icas-gruppe.com"],"url":"https:\/\/verschluss.de\/en\/author\/andikopp\/"}]}},"_links":{"self":[{"href":"https:\/\/verschluss.de\/en\/wp-json\/wp\/v2\/posts\/5999","targetHints":{"allow":["GET"]}}],"collection":[{"href":"https:\/\/verschluss.de\/en\/wp-json\/wp\/v2\/posts"}],"about":[{"href":"https:\/\/verschluss.de\/en\/wp-json\/wp\/v2\/types\/post"}],"author":[{"embeddable":true,"href":"https:\/\/verschluss.de\/en\/wp-json\/wp\/v2\/users\/1"}],"replies":[{"embeddable":true,"href":"https:\/\/verschluss.de\/en\/wp-json\/wp\/v2\/comments?post=5999"}],"version-history":[{"count":1,"href":"https:\/\/verschluss.de\/en\/wp-json\/wp\/v2\/posts\/5999\/revisions"}],"predecessor-version":[{"id":6001,"href":"https:\/\/verschluss.de\/en\/wp-json\/wp\/v2\/posts\/5999\/revisions\/6001"}],"wp:attachment":[{"href":"https:\/\/verschluss.de\/en\/wp-json\/wp\/v2\/media?parent=5999"}],"wp:term":[{"taxonomy":"category","embeddable":true,"href":"https:\/\/verschluss.de\/en\/wp-json\/wp\/v2\/categories?post=5999"},{"taxonomy":"post_tag","embeddable":true,"href":"https:\/\/verschluss.de\/en\/wp-json\/wp\/v2\/tags?post=5999"}],"curies":[{"name":"wp","href":"https:\/\/api.w.org\/{rel}","templated":true}]}}