{"id":7428,"date":"2022-01-26T04:30:00","date_gmt":"2022-01-26T03:30:00","guid":{"rendered":"http:\/\/verschluss.de\/?p=7428"},"modified":"2022-01-25T10:21:17","modified_gmt":"2022-01-25T09:21:17","slug":"booster_blog","status":"publish","type":"post","link":"https:\/\/verschluss.de\/en\/pfefferkorn\/booster_blog\/","title":{"rendered":"Booster-Impfung"},"content":{"rendered":"\t\t<div data-elementor-type=\"wp-post\" data-elementor-id=\"7428\" class=\"elementor elementor-7428\" data-elementor-post-type=\"post\">\n\t\t\t\t\t\t<section class=\"elementor-section elementor-top-section elementor-element elementor-element-c9de235 elementor-section-boxed elementor-section-height-default elementor-section-height-default\" data-id=\"c9de235\" data-element_type=\"section\" data-e-type=\"section\" data-settings=\"{&quot;jet_parallax_layout_list&quot;:[{&quot;jet_parallax_layout_image&quot;:{&quot;url&quot;:&quot;&quot;,&quot;id&quot;:&quot;&quot;,&quot;size&quot;:&quot;&quot;},&quot;_id&quot;:&quot;9eed590&quot;,&quot;jet_parallax_layout_image_tablet&quot;:{&quot;url&quot;:&quot;&quot;,&quot;id&quot;:&quot;&quot;,&quot;size&quot;:&quot;&quot;},&quot;jet_parallax_layout_image_mobile&quot;:{&quot;url&quot;:&quot;&quot;,&quot;id&quot;:&quot;&quot;,&quot;size&quot;:&quot;&quot;},&quot;jet_parallax_layout_speed&quot;:{&quot;unit&quot;:&quot;%&quot;,&quot;size&quot;:50,&quot;sizes&quot;:[]},&quot;jet_parallax_layout_type&quot;:&quot;scroll&quot;,&quot;jet_parallax_layout_direction&quot;:&quot;1&quot;,&quot;jet_parallax_layout_fx_direction&quot;:null,&quot;jet_parallax_layout_z_index&quot;:&quot;&quot;,&quot;jet_parallax_layout_bg_x&quot;:50,&quot;jet_parallax_layout_bg_x_tablet&quot;:&quot;&quot;,&quot;jet_parallax_layout_bg_x_mobile&quot;:&quot;&quot;,&quot;jet_parallax_layout_bg_y&quot;:50,&quot;jet_parallax_layout_bg_y_tablet&quot;:&quot;&quot;,&quot;jet_parallax_layout_bg_y_mobile&quot;:&quot;&quot;,&quot;jet_parallax_layout_bg_size&quot;:&quot;auto&quot;,&quot;jet_parallax_layout_bg_size_tablet&quot;:&quot;&quot;,&quot;jet_parallax_layout_bg_size_mobile&quot;:&quot;&quot;,&quot;jet_parallax_layout_animation_prop&quot;:&quot;transform&quot;,&quot;jet_parallax_layout_on&quot;:[&quot;desktop&quot;,&quot;tablet&quot;]}]}\">\n\t\t\t\t\t\t<div class=\"elementor-container elementor-column-gap-default\">\n\t\t\t\t\t<div class=\"elementor-column elementor-col-100 elementor-top-column elementor-element elementor-element-639e7bd\" data-id=\"639e7bd\" data-element_type=\"column\" data-e-type=\"column\">\n\t\t\t<div class=\"elementor-widget-wrap elementor-element-populated\">\n\t\t\t\t\t\t<div class=\"elementor-element elementor-element-4697931 elementor-widget elementor-widget-text-editor\" data-id=\"4697931\" data-element_type=\"widget\" data-e-type=\"widget\" data-widget_type=\"text-editor.default\">\n\t\t\t\t<div class=\"elementor-widget-container\">\n\t\t\t\t\t\t\t\t\t<p><strong>Die Pfefferkorn &amp; Co GmbH bot ihren Mitarbeitern, nach den beiden <a href=\"http:\/\/verschluss.de\/pfefferkorn\/impfung_blog\/\" target=\"_blank\" rel=\"noopener\">Impfterminen<\/a> im letzten Jahr, nun auch die M\u00f6glichkeit einer betrieblichen Booster-Impfung. <\/strong><\/p><p>Nachdem die St\u00e4ndige Impfkommission (StiKo) bereits im November letzten Jahres die Auffrischungsimpfung empfahl, hat sich die Gesch\u00e4ftsf\u00fchrung der Pfefferkorn &amp; Co GmbH um einen Termin f\u00fcr eine betriebliche Booster-Impfung direkt Anfang 2022 bem\u00fcht. Selbstverst\u00e4ndlich konnten an diesem Termin auch Erst- und Zweitimpfungen durchgef\u00fchrt werden.<\/p><p>Der Zuspruch der Mitarbeiter war, wie erwartet, hoch, so dass der Konferenzraum erneut zu einem kleinen \u201eImpfzentrum\u201c umgebaut werden konnte. Die Tatsache, dass verschiedene Impfzentren in der Region bereits geschlossen sind, hat sicher ihren Teil dazu beigetragen.<\/p><p>Ein gro\u00dfer Dank geht an dieser Stelle an die Betriebs\u00e4rztin der Pfefferkorn &amp; Co GmbH, die es immer wieder m\u00f6glich macht, zeitnah nach Simmern zu kommen \u2013 trotz der nun wieder steigenden Nachfrage und geh\u00e4uften Terminen.<\/p>\t\t\t\t\t\t\t\t<\/div>\n\t\t\t\t<\/div>\n\t\t\t\t\t<\/div>\n\t\t<\/div>\n\t\t\t\t\t<\/div>\n\t\t<\/section>\n\t\t\t\t<\/div>\n\t\t","protected":false},"excerpt":{"rendered":"<p>Pfefferkorn &#038; Co GmbH bietet seinen Mitarbeitern die M\u00f6glichkeit einer Booster-Impfung<\/p>","protected":false},"author":5,"featured_media":0,"comment_status":"open","ping_status":"open","sticky":false,"template":"","format":"standard","meta":{"site-sidebar-layout":"default","site-content-layout":"","ast-site-content-layout":"default","site-content-style":"default","site-sidebar-style":"default","ast-global-header-display":"","ast-banner-title-visibility":"","ast-main-header-display":"","ast-hfb-above-header-display":"","ast-hfb-below-header-display":"","ast-hfb-mobile-header-display":"","site-post-title":"","ast-breadcrumbs-content":"","ast-featured-img":"","footer-sml-layout":"","ast-disable-related-posts":"","theme-transparent-header-meta":"","adv-header-id-meta":"","stick-header-meta":"","header-above-stick-meta":"","header-main-stick-meta":"","header-below-stick-meta":"","astra-migrate-meta-layouts":"default","ast-page-background-enabled":"default","ast-page-background-meta":{"desktop":{"background-color":"var(--ast-global-color-4)","background-image":"","background-repeat":"repeat","background-position":"center center","background-size":"auto","background-attachment":"scroll","background-type":"","background-media":"","overlay-type":"","overlay-color":"","overlay-opacity":"","overlay-gradient":""},"tablet":{"background-color":"","background-image":"","background-repeat":"repeat","background-position":"center center","background-size":"auto","background-attachment":"scroll","background-type":"","background-media":"","overlay-type":"","overlay-color":"","overlay-opacity":"","overlay-gradient":""},"mobile":{"background-color":"","background-image":"","background-repeat":"repeat","background-position":"center center","background-size":"auto","background-attachment":"scroll","background-type":"","background-media":"","overlay-type":"","overlay-color":"","overlay-opacity":"","overlay-gradient":""}},"ast-content-background-meta":{"desktop":{"background-color":"var(--ast-global-color-5)","background-image":"","background-repeat":"repeat","background-position":"center center","background-size":"auto","background-attachment":"scroll","background-type":"","background-media":"","overlay-type":"","overlay-color":"","overlay-opacity":"","overlay-gradient":""},"tablet":{"background-color":"var(--ast-global-color-5)","background-image":"","background-repeat":"repeat","background-position":"center center","background-size":"auto","background-attachment":"scroll","background-type":"","background-media":"","overlay-type":"","overlay-color":"","overlay-opacity":"","overlay-gradient":""},"mobile":{"background-color":"var(--ast-global-color-5)","background-image":"","background-repeat":"repeat","background-position":"center center","background-size":"auto","background-attachment":"scroll","background-type":"","background-media":"","overlay-type":"","overlay-color":"","overlay-opacity":"","overlay-gradient":""}},"footnotes":""},"categories":[8],"tags":[],"class_list":["post-7428","post","type-post","status-publish","format-standard","hentry","category-pfefferkorn"],"yoast_head":"<!-- This site is optimized with the Yoast SEO plugin v27.4 - https:\/\/yoast.com\/product\/yoast-seo-wordpress\/ -->\n<title>Pfefferkorn organisiert Booster-Impfung f\u00fcr Mitarbeiter<\/title>\n<meta name=\"description\" content=\"Nach den Impfterminen 2021 bot die Gesch\u00e4ftsf\u00fchrung der Pfefferkorn &amp; Co GmbH den Mitarbeitern nun auch die M\u00f6glichkeit einer Booster-Impfung\" \/>\n<meta name=\"robots\" content=\"index, follow, max-snippet:-1, max-image-preview:large, max-video-preview:-1\" \/>\n<link rel=\"canonical\" href=\"https:\/\/verschluss.de\/en\/pfefferkorn\/booster_blog\/\" \/>\n<meta property=\"og:locale\" content=\"en_GB\" \/>\n<meta property=\"og:type\" content=\"article\" \/>\n<meta property=\"og:title\" content=\"Pfefferkorn organisiert Booster-Impfung f\u00fcr Mitarbeiter\" \/>\n<meta property=\"og:description\" content=\"Nach den Impfterminen 2021 bot die Gesch\u00e4ftsf\u00fchrung der Pfefferkorn &amp; Co GmbH den Mitarbeitern nun auch die M\u00f6glichkeit einer Booster-Impfung\" \/>\n<meta property=\"og:url\" content=\"https:\/\/verschluss.de\/en\/pfefferkorn\/booster_blog\/\" \/>\n<meta property=\"og:site_name\" content=\"Verschluss.de\" \/>\n<meta property=\"article:published_time\" content=\"2022-01-26T03:30:00+00:00\" \/>\n<meta property=\"og:image\" content=\"https:\/\/verschluss.de\/wp-content\/uploads\/2022\/01\/Booster-2262.jpg\" \/>\n\t<meta property=\"og:image:width\" content=\"882\" \/>\n\t<meta property=\"og:image:height\" content=\"657\" \/>\n\t<meta property=\"og:image:type\" content=\"image\/jpeg\" \/>\n<meta name=\"author\" content=\"Bianka Teinze\" \/>\n<meta name=\"twitter:card\" content=\"summary_large_image\" \/>\n<meta name=\"twitter:label1\" content=\"Written by\" \/>\n\t<meta name=\"twitter:data1\" content=\"Bianka Teinze\" \/>\n\t<meta name=\"twitter:label2\" content=\"Estimated reading time\" \/>\n\t<meta name=\"twitter:data2\" content=\"1 minute\" \/>\n<script type=\"application\/ld+json\" class=\"yoast-schema-graph\">{\"@context\":\"https:\\\/\\\/schema.org\",\"@graph\":[{\"@type\":\"Article\",\"@id\":\"https:\\\/\\\/verschluss.de\\\/pfefferkorn\\\/booster_blog\\\/#article\",\"isPartOf\":{\"@id\":\"https:\\\/\\\/verschluss.de\\\/pfefferkorn\\\/booster_blog\\\/\"},\"author\":{\"name\":\"Bianka Teinze\",\"@id\":\"https:\\\/\\\/verschluss.de\\\/#\\\/schema\\\/person\\\/87d2c259dcb40033e79c398b6682e8a3\"},\"headline\":\"Booster-Impfung\",\"datePublished\":\"2022-01-26T03:30:00+00:00\",\"mainEntityOfPage\":{\"@id\":\"https:\\\/\\\/verschluss.de\\\/pfefferkorn\\\/booster_blog\\\/\"},\"wordCount\":150,\"commentCount\":0,\"articleSection\":[\"Pfefferkorn\"],\"inLanguage\":\"en-GB\",\"potentialAction\":[{\"@type\":\"CommentAction\",\"name\":\"Comment\",\"target\":[\"https:\\\/\\\/verschluss.de\\\/pfefferkorn\\\/booster_blog\\\/#respond\"]}]},{\"@type\":\"WebPage\",\"@id\":\"https:\\\/\\\/verschluss.de\\\/pfefferkorn\\\/booster_blog\\\/\",\"url\":\"https:\\\/\\\/verschluss.de\\\/pfefferkorn\\\/booster_blog\\\/\",\"name\":\"Pfefferkorn organisiert Booster-Impfung f\u00fcr Mitarbeiter\",\"isPartOf\":{\"@id\":\"https:\\\/\\\/verschluss.de\\\/#website\"},\"datePublished\":\"2022-01-26T03:30:00+00:00\",\"author\":{\"@id\":\"https:\\\/\\\/verschluss.de\\\/#\\\/schema\\\/person\\\/87d2c259dcb40033e79c398b6682e8a3\"},\"description\":\"Nach den Impfterminen 2021 bot die Gesch\u00e4ftsf\u00fchrung der Pfefferkorn & Co GmbH den Mitarbeitern nun auch die M\u00f6glichkeit einer Booster-Impfung\",\"breadcrumb\":{\"@id\":\"https:\\\/\\\/verschluss.de\\\/pfefferkorn\\\/booster_blog\\\/#breadcrumb\"},\"inLanguage\":\"en-GB\",\"potentialAction\":[{\"@type\":\"ReadAction\",\"target\":[\"https:\\\/\\\/verschluss.de\\\/pfefferkorn\\\/booster_blog\\\/\"]}]},{\"@type\":\"BreadcrumbList\",\"@id\":\"https:\\\/\\\/verschluss.de\\\/pfefferkorn\\\/booster_blog\\\/#breadcrumb\",\"itemListElement\":[{\"@type\":\"ListItem\",\"position\":1,\"name\":\"Startseite\",\"item\":\"https:\\\/\\\/verschluss.de\\\/\"},{\"@type\":\"ListItem\",\"position\":2,\"name\":\"Booster-Impfung\"}]},{\"@type\":\"WebSite\",\"@id\":\"https:\\\/\\\/verschluss.de\\\/#website\",\"url\":\"https:\\\/\\\/verschluss.de\\\/\",\"name\":\"Verschluss.de\",\"description\":\"Wir entwickeln und realisieren Ihre Visionen in der Welt der Thermoplaste\",\"potentialAction\":[{\"@type\":\"SearchAction\",\"target\":{\"@type\":\"EntryPoint\",\"urlTemplate\":\"https:\\\/\\\/verschluss.de\\\/?s={search_term_string}\"},\"query-input\":{\"@type\":\"PropertyValueSpecification\",\"valueRequired\":true,\"valueName\":\"search_term_string\"}}],\"inLanguage\":\"en-GB\"},{\"@type\":\"Person\",\"@id\":\"https:\\\/\\\/verschluss.de\\\/#\\\/schema\\\/person\\\/87d2c259dcb40033e79c398b6682e8a3\",\"name\":\"Bianka Teinze\",\"image\":{\"@type\":\"ImageObject\",\"inLanguage\":\"en-GB\",\"@id\":\"https:\\\/\\\/secure.gravatar.com\\\/avatar\\\/c0d8b52e710e03a2416019ddedca06b038a3bf745c9b4ccb1e9f8c355e76be7f?s=96&d=mm&r=g\",\"url\":\"https:\\\/\\\/secure.gravatar.com\\\/avatar\\\/c0d8b52e710e03a2416019ddedca06b038a3bf745c9b4ccb1e9f8c355e76be7f?s=96&d=mm&r=g\",\"contentUrl\":\"https:\\\/\\\/secure.gravatar.com\\\/avatar\\\/c0d8b52e710e03a2416019ddedca06b038a3bf745c9b4ccb1e9f8c355e76be7f?s=96&d=mm&r=g\",\"caption\":\"Bianka Teinze\"},\"sameAs\":[\"https:\\\/\\\/verschluss.de\\\/\"],\"url\":\"https:\\\/\\\/verschluss.de\\\/en\\\/author\\\/biankateinze\\\/\"}]}<\/script>\n<!-- \/ Yoast SEO plugin. -->","yoast_head_json":{"title":"Pfefferkorn organisiert Booster-Impfung f\u00fcr Mitarbeiter","description":"Nach den Impfterminen 2021 bot die Gesch\u00e4ftsf\u00fchrung der Pfefferkorn & Co GmbH den Mitarbeitern nun auch die M\u00f6glichkeit einer Booster-Impfung","robots":{"index":"index","follow":"follow","max-snippet":"max-snippet:-1","max-image-preview":"max-image-preview:large","max-video-preview":"max-video-preview:-1"},"canonical":"https:\/\/verschluss.de\/en\/pfefferkorn\/booster_blog\/","og_locale":"en_GB","og_type":"article","og_title":"Pfefferkorn organisiert Booster-Impfung f\u00fcr Mitarbeiter","og_description":"Nach den Impfterminen 2021 bot die Gesch\u00e4ftsf\u00fchrung der Pfefferkorn & Co GmbH den Mitarbeitern nun auch die M\u00f6glichkeit einer Booster-Impfung","og_url":"https:\/\/verschluss.de\/en\/pfefferkorn\/booster_blog\/","og_site_name":"Verschluss.de","article_published_time":"2022-01-26T03:30:00+00:00","og_image":[{"width":882,"height":657,"url":"https:\/\/verschluss.de\/wp-content\/uploads\/2022\/01\/Booster-2262.jpg","type":"image\/jpeg"}],"author":"Bianka Teinze","twitter_card":"summary_large_image","twitter_misc":{"Written by":"Bianka Teinze","Estimated reading time":"1 minute"},"schema":{"@context":"https:\/\/schema.org","@graph":[{"@type":"Article","@id":"https:\/\/verschluss.de\/pfefferkorn\/booster_blog\/#article","isPartOf":{"@id":"https:\/\/verschluss.de\/pfefferkorn\/booster_blog\/"},"author":{"name":"Bianka Teinze","@id":"https:\/\/verschluss.de\/#\/schema\/person\/87d2c259dcb40033e79c398b6682e8a3"},"headline":"Booster-Impfung","datePublished":"2022-01-26T03:30:00+00:00","mainEntityOfPage":{"@id":"https:\/\/verschluss.de\/pfefferkorn\/booster_blog\/"},"wordCount":150,"commentCount":0,"articleSection":["Pfefferkorn"],"inLanguage":"en-GB","potentialAction":[{"@type":"CommentAction","name":"Comment","target":["https:\/\/verschluss.de\/pfefferkorn\/booster_blog\/#respond"]}]},{"@type":"WebPage","@id":"https:\/\/verschluss.de\/pfefferkorn\/booster_blog\/","url":"https:\/\/verschluss.de\/pfefferkorn\/booster_blog\/","name":"Pfefferkorn organisiert Booster-Impfung f\u00fcr Mitarbeiter","isPartOf":{"@id":"https:\/\/verschluss.de\/#website"},"datePublished":"2022-01-26T03:30:00+00:00","author":{"@id":"https:\/\/verschluss.de\/#\/schema\/person\/87d2c259dcb40033e79c398b6682e8a3"},"description":"Nach den Impfterminen 2021 bot die Gesch\u00e4ftsf\u00fchrung der Pfefferkorn & Co GmbH den Mitarbeitern nun auch die M\u00f6glichkeit einer Booster-Impfung","breadcrumb":{"@id":"https:\/\/verschluss.de\/pfefferkorn\/booster_blog\/#breadcrumb"},"inLanguage":"en-GB","potentialAction":[{"@type":"ReadAction","target":["https:\/\/verschluss.de\/pfefferkorn\/booster_blog\/"]}]},{"@type":"BreadcrumbList","@id":"https:\/\/verschluss.de\/pfefferkorn\/booster_blog\/#breadcrumb","itemListElement":[{"@type":"ListItem","position":1,"name":"Startseite","item":"https:\/\/verschluss.de\/"},{"@type":"ListItem","position":2,"name":"Booster-Impfung"}]},{"@type":"WebSite","@id":"https:\/\/verschluss.de\/#website","url":"https:\/\/verschluss.de\/","name":"Verschluss.de","description":"Wir entwickeln und realisieren Ihre Visionen in der Welt der Thermoplaste","potentialAction":[{"@type":"SearchAction","target":{"@type":"EntryPoint","urlTemplate":"https:\/\/verschluss.de\/?s={search_term_string}"},"query-input":{"@type":"PropertyValueSpecification","valueRequired":true,"valueName":"search_term_string"}}],"inLanguage":"en-GB"},{"@type":"Person","@id":"https:\/\/verschluss.de\/#\/schema\/person\/87d2c259dcb40033e79c398b6682e8a3","name":"Bianka Teinze","image":{"@type":"ImageObject","inLanguage":"en-GB","@id":"https:\/\/secure.gravatar.com\/avatar\/c0d8b52e710e03a2416019ddedca06b038a3bf745c9b4ccb1e9f8c355e76be7f?s=96&d=mm&r=g","url":"https:\/\/secure.gravatar.com\/avatar\/c0d8b52e710e03a2416019ddedca06b038a3bf745c9b4ccb1e9f8c355e76be7f?s=96&d=mm&r=g","contentUrl":"https:\/\/secure.gravatar.com\/avatar\/c0d8b52e710e03a2416019ddedca06b038a3bf745c9b4ccb1e9f8c355e76be7f?s=96&d=mm&r=g","caption":"Bianka Teinze"},"sameAs":["https:\/\/verschluss.de\/"],"url":"https:\/\/verschluss.de\/en\/author\/biankateinze\/"}]}},"_links":{"self":[{"href":"https:\/\/verschluss.de\/en\/wp-json\/wp\/v2\/posts\/7428","targetHints":{"allow":["GET"]}}],"collection":[{"href":"https:\/\/verschluss.de\/en\/wp-json\/wp\/v2\/posts"}],"about":[{"href":"https:\/\/verschluss.de\/en\/wp-json\/wp\/v2\/types\/post"}],"author":[{"embeddable":true,"href":"https:\/\/verschluss.de\/en\/wp-json\/wp\/v2\/users\/5"}],"replies":[{"embeddable":true,"href":"https:\/\/verschluss.de\/en\/wp-json\/wp\/v2\/comments?post=7428"}],"version-history":[{"count":10,"href":"https:\/\/verschluss.de\/en\/wp-json\/wp\/v2\/posts\/7428\/revisions"}],"predecessor-version":[{"id":7443,"href":"https:\/\/verschluss.de\/en\/wp-json\/wp\/v2\/posts\/7428\/revisions\/7443"}],"wp:attachment":[{"href":"https:\/\/verschluss.de\/en\/wp-json\/wp\/v2\/media?parent=7428"}],"wp:term":[{"taxonomy":"category","embeddable":true,"href":"https:\/\/verschluss.de\/en\/wp-json\/wp\/v2\/categories?post=7428"},{"taxonomy":"post_tag","embeddable":true,"href":"https:\/\/verschluss.de\/en\/wp-json\/wp\/v2\/tags?post=7428"}],"curies":[{"name":"wp","href":"https:\/\/api.w.org\/{rel}","templated":true}]}}