{"id":8170,"date":"2022-03-08T12:09:31","date_gmt":"2022-03-08T11:09:31","guid":{"rendered":"http:\/\/verschluss.de\/?p=8170"},"modified":"2022-03-08T12:10:23","modified_gmt":"2022-03-08T11:10:23","slug":"controle-de-la-qualite-la-capsule","status":"publish","type":"post","link":"https:\/\/verschluss.de\/en\/schneider_fr\/controle-de-la-qualite-la-capsule\/","title":{"rendered":"Contr\u00f4le de la qualit\u00e9 \u2013 la capsule"},"content":{"rendered":"<div data-elementor-type=\"wp-post\" data-elementor-id=\"8170\" class=\"elementor elementor-8170\" data-elementor-post-type=\"post\">\n\t\t\t\t\t\t<section class=\"elementor-section elementor-top-section elementor-element elementor-element-fcb429c elementor-section-boxed elementor-section-height-default elementor-section-height-default\" data-id=\"fcb429c\" data-element_type=\"section\" data-e-type=\"section\" data-settings=\"{&quot;jet_parallax_layout_list&quot;:[]}\">\n\t\t\t\t\t\t<div class=\"elementor-container elementor-column-gap-default\">\n\t\t\t\t\t<div class=\"elementor-column elementor-col-100 elementor-top-column elementor-element elementor-element-3f25861\" data-id=\"3f25861\" data-element_type=\"column\" data-e-type=\"column\">\n\t\t\t<div class=\"elementor-widget-wrap elementor-element-populated\">\n\t\t\t\t\t\t<div class=\"elementor-element elementor-element-5dac16e elementor-widget elementor-widget-text-editor\" data-id=\"5dac16e\" data-element_type=\"widget\" data-e-type=\"widget\" data-widget_type=\"text-editor.default\">\n\t\t\t\t<div class=\"elementor-widget-container\">\n\t\t\t\t\t\t\t\t\t<p>Bien que, contrairement aux muselets et aux bouchons ou bouchons li\u00e8ges, la capsule n\u2019ait pratiquement qu\u2019une fonction esth\u00e9tique, elle conf\u00e8re de l\u2019individualit\u00e9 gr\u00e2ce \u00e0 des \u00a0nombreuses possibilit\u00e9s de conception de la bouteille et est donc indispensable. La premi\u00e8re impression compte, et la capsule hors de l\u2019\u00e9tiquette est le premier objet d\u2019\u00e9quipement qu\u2019on voit sur la bouteille, qui se trouve sur l\u2019\u00e9tag\u00e8re chez le marchand de boissons . Jusqu\u2019\u00e0 ce qu\u2019elle puisse \u00eatre utilis\u00e9e par le client, elle passe par certains processus de production et de contr\u00f4le.<\/p><p>\u00a0<\/p><p>Pour chaque nouvelle commande, un \u00e9chantillon de r\u00e9f\u00e9rence est \u00e9tabli et approuv\u00e9 par le client. Ce mod\u00e8le de r\u00e9f\u00e9rence d\u00e9finit pr\u00e9cis\u00e9ment la taille, la couleur, l\u2019impression et l\u2019\u00e9quipement. Bas\u00e9 sur ce mod\u00e8le de r\u00e9f\u00e9rence et du dessin, la capsule est contr\u00f4l\u00e9e continuellement par nos collaborateurs avant de la d\u00e9poser dans l\u2019emballage.<\/p><p>\u00a0<\/p><p>En outre, notre responsable QS v\u00e9rifie r\u00e9guli\u00e8rement les capsules de production courante afin de d\u00e9celer les aspects importants tels que :<\/p><ul><li>Qualit\u00e9 du mat\u00e9riel de la jupe, de la t\u00eate et du tircel<\/li><li>Qualit\u00e9 de l\u2019impression,<\/li><li>Qualit\u00e9 de l\u2019adh\u00e9rence,<\/li><li>Respect des tol\u00e9rances<\/li><li>Qualit\u00e9 des capsules emball\u00e9es<\/li><\/ul><p>\u00a0<\/p><p>Ces donn\u00e9es sont not\u00e9es dans un proc\u00e8s-verbal d\u2019essai. Seulement apr\u00e8s que la capsule a pass\u00e9 ces tests, les palettes ou les cartons sont aptes \u00e0 \u00eatre exp\u00e9di\u00e9<\/p><p>\u00a0<\/p><p>\u00a0<\/p><p>\u00a0<\/p><p>\u00a0<\/p><p>\u00a0<\/p><p>\u00a0<\/p><p>\u00a0<\/p><p>\u00a0<\/p>\t\t\t\t\t\t\t\t<\/div>\n\t\t\t\t<\/div>\n\t\t\t\t\t<\/div>\n\t\t<\/div>\n\t\t\t\t\t<\/div>\n\t\t<\/section>\n\t\t\t\t<\/div>","protected":false},"excerpt":{"rendered":"<p>Bien que, contrairement aux muselets et aux bouchons ou bouchons li\u00e8ges, la capsule n\u2019ait pratiquement qu\u2019une fonction esth\u00e9tique, elle conf\u00e8re de l\u2019individualit\u00e9 gr\u00e2ce \u00e0 des \u00a0nombreuses possibilit\u00e9s de conception de la bouteille et est donc indispensable. La premi\u00e8re impression compte, et la capsule hors de l\u2019\u00e9tiquette est le premier objet d\u2019\u00e9quipement qu\u2019on voit sur la [&hellip;]<\/p>\n","protected":false},"author":6,"featured_media":0,"comment_status":"open","ping_status":"open","sticky":false,"template":"","format":"standard","meta":{"site-sidebar-layout":"default","site-content-layout":"","ast-site-content-layout":"default","site-content-style":"default","site-sidebar-style":"default","ast-global-header-display":"","ast-banner-title-visibility":"","ast-main-header-display":"","ast-hfb-above-header-display":"","ast-hfb-below-header-display":"","ast-hfb-mobile-header-display":"","site-post-title":"","ast-breadcrumbs-content":"","ast-featured-img":"","footer-sml-layout":"","ast-disable-related-posts":"","theme-transparent-header-meta":"","adv-header-id-meta":"","stick-header-meta":"","header-above-stick-meta":"","header-main-stick-meta":"","header-below-stick-meta":"","astra-migrate-meta-layouts":"default","ast-page-background-enabled":"default","ast-page-background-meta":{"desktop":{"background-color":"var(--ast-global-color-4)","background-image":"","background-repeat":"repeat","background-position":"center center","background-size":"auto","background-attachment":"scroll","background-type":"","background-media":"","overlay-type":"","overlay-color":"","overlay-opacity":"","overlay-gradient":""},"tablet":{"background-color":"","background-image":"","background-repeat":"repeat","background-position":"center center","background-size":"auto","background-attachment":"scroll","background-type":"","background-media":"","overlay-type":"","overlay-color":"","overlay-opacity":"","overlay-gradient":""},"mobile":{"background-color":"","background-image":"","background-repeat":"repeat","background-position":"center center","background-size":"auto","background-attachment":"scroll","background-type":"","background-media":"","overlay-type":"","overlay-color":"","overlay-opacity":"","overlay-gradient":""}},"ast-content-background-meta":{"desktop":{"background-color":"var(--ast-global-color-5)","background-image":"","background-repeat":"repeat","background-position":"center center","background-size":"auto","background-attachment":"scroll","background-type":"","background-media":"","overlay-type":"","overlay-color":"","overlay-opacity":"","overlay-gradient":""},"tablet":{"background-color":"var(--ast-global-color-5)","background-image":"","background-repeat":"repeat","background-position":"center center","background-size":"auto","background-attachment":"scroll","background-type":"","background-media":"","overlay-type":"","overlay-color":"","overlay-opacity":"","overlay-gradient":""},"mobile":{"background-color":"var(--ast-global-color-5)","background-image":"","background-repeat":"repeat","background-position":"center center","background-size":"auto","background-attachment":"scroll","background-type":"","background-media":"","overlay-type":"","overlay-color":"","overlay-opacity":"","overlay-gradient":""}},"footnotes":""},"categories":[22],"tags":[],"class_list":["post-8170","post","type-post","status-publish","format-standard","hentry","category-schneider_fr"],"yoast_head":"<!-- This site is optimized with the Yoast SEO plugin v27.4 - https:\/\/yoast.com\/product\/yoast-seo-wordpress\/ -->\n<title>Contr\u00f4le de la qualit\u00e9 \u2013 la capsule - Verschluss.de<\/title>\n<meta name=\"robots\" content=\"index, follow, max-snippet:-1, max-image-preview:large, max-video-preview:-1\" \/>\n<link rel=\"canonical\" href=\"https:\/\/verschluss.de\/en\/schneider_fr\/controle-de-la-qualite-la-capsule\/\" \/>\n<meta property=\"og:locale\" content=\"en_GB\" \/>\n<meta property=\"og:type\" content=\"article\" \/>\n<meta property=\"og:title\" content=\"Contr\u00f4le de la qualit\u00e9 \u2013 la capsule - Verschluss.de\" \/>\n<meta property=\"og:description\" content=\"Bien que, contrairement aux muselets et aux bouchons ou bouchons li\u00e8ges, la capsule n\u2019ait pratiquement qu\u2019une fonction esth\u00e9tique, elle conf\u00e8re de l\u2019individualit\u00e9 gr\u00e2ce \u00e0 des \u00a0nombreuses possibilit\u00e9s de conception de la bouteille et est donc indispensable. La premi\u00e8re impression compte, et la capsule hors de l\u2019\u00e9tiquette est le premier objet d\u2019\u00e9quipement qu\u2019on voit sur la [&hellip;]\" \/>\n<meta property=\"og:url\" content=\"https:\/\/verschluss.de\/en\/schneider_fr\/controle-de-la-qualite-la-capsule\/\" \/>\n<meta property=\"og:site_name\" content=\"Verschluss.de\" \/>\n<meta property=\"article:published_time\" content=\"2022-03-08T11:09:31+00:00\" \/>\n<meta property=\"article:modified_time\" content=\"2022-03-08T11:10:23+00:00\" \/>\n<meta property=\"og:image\" content=\"https:\/\/verschluss.de\/wp-content\/uploads\/2021\/12\/Sch-145-1080x675-1.jpg\" \/>\n\t<meta property=\"og:image:width\" content=\"1080\" \/>\n\t<meta property=\"og:image:height\" content=\"675\" \/>\n\t<meta property=\"og:image:type\" content=\"image\/jpeg\" \/>\n<meta name=\"author\" content=\"Silvia Cavuto\" \/>\n<meta name=\"twitter:card\" content=\"summary_large_image\" \/>\n<meta name=\"twitter:label1\" content=\"Written by\" \/>\n\t<meta name=\"twitter:data1\" content=\"Silvia Cavuto\" \/>\n<script type=\"application\/ld+json\" class=\"yoast-schema-graph\">{\"@context\":\"https:\\\/\\\/schema.org\",\"@graph\":[{\"@type\":\"Article\",\"@id\":\"https:\\\/\\\/verschluss.de\\\/schneider_fr\\\/controle-de-la-qualite-la-capsule\\\/#article\",\"isPartOf\":{\"@id\":\"https:\\\/\\\/verschluss.de\\\/schneider_fr\\\/controle-de-la-qualite-la-capsule\\\/\"},\"author\":{\"name\":\"Silvia Cavuto\",\"@id\":\"https:\\\/\\\/verschluss.de\\\/#\\\/schema\\\/person\\\/3688017279f4c6f1d0c07904cb8c4393\"},\"headline\":\"Contr\u00f4le de la qualit\u00e9 \u2013 la capsule\",\"datePublished\":\"2022-03-08T11:09:31+00:00\",\"dateModified\":\"2022-03-08T11:10:23+00:00\",\"mainEntityOfPage\":{\"@id\":\"https:\\\/\\\/verschluss.de\\\/schneider_fr\\\/controle-de-la-qualite-la-capsule\\\/\"},\"wordCount\":264,\"commentCount\":0,\"articleSection\":[\"Schneider FR\"],\"inLanguage\":\"en-GB\",\"potentialAction\":[{\"@type\":\"CommentAction\",\"name\":\"Comment\",\"target\":[\"https:\\\/\\\/verschluss.de\\\/schneider_fr\\\/controle-de-la-qualite-la-capsule\\\/#respond\"]}]},{\"@type\":\"WebPage\",\"@id\":\"https:\\\/\\\/verschluss.de\\\/schneider_fr\\\/controle-de-la-qualite-la-capsule\\\/\",\"url\":\"https:\\\/\\\/verschluss.de\\\/schneider_fr\\\/controle-de-la-qualite-la-capsule\\\/\",\"name\":\"Contr\u00f4le de la qualit\u00e9 \u2013 la capsule - Verschluss.de\",\"isPartOf\":{\"@id\":\"https:\\\/\\\/verschluss.de\\\/#website\"},\"datePublished\":\"2022-03-08T11:09:31+00:00\",\"dateModified\":\"2022-03-08T11:10:23+00:00\",\"author\":{\"@id\":\"https:\\\/\\\/verschluss.de\\\/#\\\/schema\\\/person\\\/3688017279f4c6f1d0c07904cb8c4393\"},\"breadcrumb\":{\"@id\":\"https:\\\/\\\/verschluss.de\\\/schneider_fr\\\/controle-de-la-qualite-la-capsule\\\/#breadcrumb\"},\"inLanguage\":\"en-GB\",\"potentialAction\":[{\"@type\":\"ReadAction\",\"target\":[\"https:\\\/\\\/verschluss.de\\\/schneider_fr\\\/controle-de-la-qualite-la-capsule\\\/\"]}]},{\"@type\":\"BreadcrumbList\",\"@id\":\"https:\\\/\\\/verschluss.de\\\/schneider_fr\\\/controle-de-la-qualite-la-capsule\\\/#breadcrumb\",\"itemListElement\":[{\"@type\":\"ListItem\",\"position\":1,\"name\":\"Startseite\",\"item\":\"https:\\\/\\\/verschluss.de\\\/\"},{\"@type\":\"ListItem\",\"position\":2,\"name\":\"Contr\u00f4le de la qualit\u00e9 \u2013 la capsule\"}]},{\"@type\":\"WebSite\",\"@id\":\"https:\\\/\\\/verschluss.de\\\/#website\",\"url\":\"https:\\\/\\\/verschluss.de\\\/\",\"name\":\"Verschluss.de\",\"description\":\"Wir entwickeln und realisieren Ihre Visionen in der Welt der Thermoplaste\",\"potentialAction\":[{\"@type\":\"SearchAction\",\"target\":{\"@type\":\"EntryPoint\",\"urlTemplate\":\"https:\\\/\\\/verschluss.de\\\/?s={search_term_string}\"},\"query-input\":{\"@type\":\"PropertyValueSpecification\",\"valueRequired\":true,\"valueName\":\"search_term_string\"}}],\"inLanguage\":\"en-GB\"},{\"@type\":\"Person\",\"@id\":\"https:\\\/\\\/verschluss.de\\\/#\\\/schema\\\/person\\\/3688017279f4c6f1d0c07904cb8c4393\",\"name\":\"Silvia Cavuto\",\"image\":{\"@type\":\"ImageObject\",\"inLanguage\":\"en-GB\",\"@id\":\"https:\\\/\\\/secure.gravatar.com\\\/avatar\\\/276e76176b500837f8591055242eab9ff699561fe69d148290b36a1c7150bce6?s=96&d=mm&r=g\",\"url\":\"https:\\\/\\\/secure.gravatar.com\\\/avatar\\\/276e76176b500837f8591055242eab9ff699561fe69d148290b36a1c7150bce6?s=96&d=mm&r=g\",\"contentUrl\":\"https:\\\/\\\/secure.gravatar.com\\\/avatar\\\/276e76176b500837f8591055242eab9ff699561fe69d148290b36a1c7150bce6?s=96&d=mm&r=g\",\"caption\":\"Silvia Cavuto\"},\"sameAs\":[\"https:\\\/\\\/verschluss.de\\\/\"],\"url\":\"https:\\\/\\\/verschluss.de\\\/en\\\/author\\\/silviacavuto\\\/\"}]}<\/script>\n<!-- \/ Yoast SEO plugin. -->","yoast_head_json":{"title":"Contr\u00f4le de la qualit\u00e9 \u2013 la capsule - Verschluss.de","robots":{"index":"index","follow":"follow","max-snippet":"max-snippet:-1","max-image-preview":"max-image-preview:large","max-video-preview":"max-video-preview:-1"},"canonical":"https:\/\/verschluss.de\/en\/schneider_fr\/controle-de-la-qualite-la-capsule\/","og_locale":"en_GB","og_type":"article","og_title":"Contr\u00f4le de la qualit\u00e9 \u2013 la capsule - Verschluss.de","og_description":"Bien que, contrairement aux muselets et aux bouchons ou bouchons li\u00e8ges, la capsule n\u2019ait pratiquement qu\u2019une fonction esth\u00e9tique, elle conf\u00e8re de l\u2019individualit\u00e9 gr\u00e2ce \u00e0 des \u00a0nombreuses possibilit\u00e9s de conception de la bouteille et est donc indispensable. La premi\u00e8re impression compte, et la capsule hors de l\u2019\u00e9tiquette est le premier objet d\u2019\u00e9quipement qu\u2019on voit sur la [&hellip;]","og_url":"https:\/\/verschluss.de\/en\/schneider_fr\/controle-de-la-qualite-la-capsule\/","og_site_name":"Verschluss.de","article_published_time":"2022-03-08T11:09:31+00:00","article_modified_time":"2022-03-08T11:10:23+00:00","og_image":[{"width":1080,"height":675,"url":"https:\/\/verschluss.de\/wp-content\/uploads\/2021\/12\/Sch-145-1080x675-1.jpg","type":"image\/jpeg"}],"author":"Silvia Cavuto","twitter_card":"summary_large_image","twitter_misc":{"Written by":"Silvia Cavuto"},"schema":{"@context":"https:\/\/schema.org","@graph":[{"@type":"Article","@id":"https:\/\/verschluss.de\/schneider_fr\/controle-de-la-qualite-la-capsule\/#article","isPartOf":{"@id":"https:\/\/verschluss.de\/schneider_fr\/controle-de-la-qualite-la-capsule\/"},"author":{"name":"Silvia Cavuto","@id":"https:\/\/verschluss.de\/#\/schema\/person\/3688017279f4c6f1d0c07904cb8c4393"},"headline":"Contr\u00f4le de la qualit\u00e9 \u2013 la capsule","datePublished":"2022-03-08T11:09:31+00:00","dateModified":"2022-03-08T11:10:23+00:00","mainEntityOfPage":{"@id":"https:\/\/verschluss.de\/schneider_fr\/controle-de-la-qualite-la-capsule\/"},"wordCount":264,"commentCount":0,"articleSection":["Schneider FR"],"inLanguage":"en-GB","potentialAction":[{"@type":"CommentAction","name":"Comment","target":["https:\/\/verschluss.de\/schneider_fr\/controle-de-la-qualite-la-capsule\/#respond"]}]},{"@type":"WebPage","@id":"https:\/\/verschluss.de\/schneider_fr\/controle-de-la-qualite-la-capsule\/","url":"https:\/\/verschluss.de\/schneider_fr\/controle-de-la-qualite-la-capsule\/","name":"Contr\u00f4le de la qualit\u00e9 \u2013 la capsule - Verschluss.de","isPartOf":{"@id":"https:\/\/verschluss.de\/#website"},"datePublished":"2022-03-08T11:09:31+00:00","dateModified":"2022-03-08T11:10:23+00:00","author":{"@id":"https:\/\/verschluss.de\/#\/schema\/person\/3688017279f4c6f1d0c07904cb8c4393"},"breadcrumb":{"@id":"https:\/\/verschluss.de\/schneider_fr\/controle-de-la-qualite-la-capsule\/#breadcrumb"},"inLanguage":"en-GB","potentialAction":[{"@type":"ReadAction","target":["https:\/\/verschluss.de\/schneider_fr\/controle-de-la-qualite-la-capsule\/"]}]},{"@type":"BreadcrumbList","@id":"https:\/\/verschluss.de\/schneider_fr\/controle-de-la-qualite-la-capsule\/#breadcrumb","itemListElement":[{"@type":"ListItem","position":1,"name":"Startseite","item":"https:\/\/verschluss.de\/"},{"@type":"ListItem","position":2,"name":"Contr\u00f4le de la qualit\u00e9 \u2013 la capsule"}]},{"@type":"WebSite","@id":"https:\/\/verschluss.de\/#website","url":"https:\/\/verschluss.de\/","name":"Verschluss.de","description":"Wir entwickeln und realisieren Ihre Visionen in der Welt der Thermoplaste","potentialAction":[{"@type":"SearchAction","target":{"@type":"EntryPoint","urlTemplate":"https:\/\/verschluss.de\/?s={search_term_string}"},"query-input":{"@type":"PropertyValueSpecification","valueRequired":true,"valueName":"search_term_string"}}],"inLanguage":"en-GB"},{"@type":"Person","@id":"https:\/\/verschluss.de\/#\/schema\/person\/3688017279f4c6f1d0c07904cb8c4393","name":"Silvia Cavuto","image":{"@type":"ImageObject","inLanguage":"en-GB","@id":"https:\/\/secure.gravatar.com\/avatar\/276e76176b500837f8591055242eab9ff699561fe69d148290b36a1c7150bce6?s=96&d=mm&r=g","url":"https:\/\/secure.gravatar.com\/avatar\/276e76176b500837f8591055242eab9ff699561fe69d148290b36a1c7150bce6?s=96&d=mm&r=g","contentUrl":"https:\/\/secure.gravatar.com\/avatar\/276e76176b500837f8591055242eab9ff699561fe69d148290b36a1c7150bce6?s=96&d=mm&r=g","caption":"Silvia Cavuto"},"sameAs":["https:\/\/verschluss.de\/"],"url":"https:\/\/verschluss.de\/en\/author\/silviacavuto\/"}]}},"_links":{"self":[{"href":"https:\/\/verschluss.de\/en\/wp-json\/wp\/v2\/posts\/8170","targetHints":{"allow":["GET"]}}],"collection":[{"href":"https:\/\/verschluss.de\/en\/wp-json\/wp\/v2\/posts"}],"about":[{"href":"https:\/\/verschluss.de\/en\/wp-json\/wp\/v2\/types\/post"}],"author":[{"embeddable":true,"href":"https:\/\/verschluss.de\/en\/wp-json\/wp\/v2\/users\/6"}],"replies":[{"embeddable":true,"href":"https:\/\/verschluss.de\/en\/wp-json\/wp\/v2\/comments?post=8170"}],"version-history":[{"count":4,"href":"https:\/\/verschluss.de\/en\/wp-json\/wp\/v2\/posts\/8170\/revisions"}],"predecessor-version":[{"id":8174,"href":"https:\/\/verschluss.de\/en\/wp-json\/wp\/v2\/posts\/8170\/revisions\/8174"}],"wp:attachment":[{"href":"https:\/\/verschluss.de\/en\/wp-json\/wp\/v2\/media?parent=8170"}],"wp:term":[{"taxonomy":"category","embeddable":true,"href":"https:\/\/verschluss.de\/en\/wp-json\/wp\/v2\/categories?post=8170"},{"taxonomy":"post_tag","embeddable":true,"href":"https:\/\/verschluss.de\/en\/wp-json\/wp\/v2\/tags?post=8170"}],"curies":[{"name":"wp","href":"https:\/\/api.w.org\/{rel}","templated":true}]}}