{"id":8984,"date":"2022-04-18T04:00:00","date_gmt":"2022-04-18T02:00:00","guid":{"rendered":"http:\/\/verschluss.de\/?p=8984"},"modified":"2022-04-13T10:18:35","modified_gmt":"2022-04-13T08:18:35","slug":"nachhaltigkeit_blog","status":"publish","type":"post","link":"https:\/\/verschluss.de\/en\/pfefferkorn\/nachhaltigkeit_blog\/","title":{"rendered":"Nachhaltigkeit"},"content":{"rendered":"<div data-elementor-type=\"wp-post\" data-elementor-id=\"8984\" class=\"elementor elementor-8984\" data-elementor-post-type=\"post\">\n\t\t\t\t\t\t<section class=\"elementor-section elementor-top-section elementor-element elementor-element-fe5b452 elementor-section-boxed elementor-section-height-default elementor-section-height-default\" data-id=\"fe5b452\" data-element_type=\"section\" data-e-type=\"section\" data-settings=\"{&quot;jet_parallax_layout_list&quot;:[]}\">\n\t\t\t\t\t\t<div class=\"elementor-container elementor-column-gap-default\">\n\t\t\t\t\t<div class=\"elementor-column elementor-col-100 elementor-top-column elementor-element elementor-element-1a14563\" data-id=\"1a14563\" data-element_type=\"column\" data-e-type=\"column\">\n\t\t\t<div class=\"elementor-widget-wrap elementor-element-populated\">\n\t\t\t\t\t\t<div class=\"elementor-element elementor-element-cb794f3 elementor-widget elementor-widget-text-editor\" data-id=\"cb794f3\" data-element_type=\"widget\" data-e-type=\"widget\" data-widget_type=\"text-editor.default\">\n\t\t\t\t<div class=\"elementor-widget-container\">\n\t\t\t\t\t\t\t\t\t<p><strong>(ots) Der T\u00dcV-Verband hat die Einf\u00fchrung verbindlicher Nachhaltigkeitskriterien bei der Entwicklung neuer Produkte in der Europ\u00e4ischen Union gefordert. So k\u00f6nnten Anforderungen hinsichtlich Langlebigkeit, Reparaturf\u00e4higkeit, Recyclingf\u00e4higkeit sowie einer umweltfreundlichen Entsorgung bereits beim Produktdesign ber\u00fccksichtigt werden. \u00a0<\/strong><\/p>\t\t\t\t\t\t\t\t<\/div>\n\t\t\t\t<\/div>\n\t\t\t\t\t<\/div>\n\t\t<\/div>\n\t\t\t\t\t<\/div>\n\t\t<\/section>\n\t\t\t\t<section class=\"elementor-section elementor-top-section elementor-element elementor-element-0cbdc0e elementor-section-boxed elementor-section-height-default elementor-section-height-default\" data-id=\"0cbdc0e\" data-element_type=\"section\" data-e-type=\"section\" data-settings=\"{&quot;jet_parallax_layout_list&quot;:[]}\">\n\t\t\t\t\t\t<div class=\"elementor-container elementor-column-gap-default\">\n\t\t\t\t\t<div class=\"elementor-column elementor-col-100 elementor-top-column elementor-element elementor-element-66590e1\" data-id=\"66590e1\" data-element_type=\"column\" data-e-type=\"column\">\n\t\t\t<div class=\"elementor-widget-wrap elementor-element-populated\">\n\t\t\t\t\t\t<div class=\"elementor-element elementor-element-c374a4f elementor-widget elementor-widget-text-editor\" data-id=\"c374a4f\" data-element_type=\"widget\" data-e-type=\"widget\" data-widget_type=\"text-editor.default\">\n\t\t\t\t<div class=\"elementor-widget-container\">\n\t\t\t\t\t\t\t\t\t<p>Die Einhaltung dieser Vorgaben sollte unabh\u00e4ngig gepr\u00fcft und die Produkte entsprechend gekennzeichnet werden. &#8222;Verbraucher:innen sollten einfach erkennen k\u00f6nnen, welche Produkte wiederverwertbar sind und ob sie bereits recycelte Materialien enthalten&#8220;, sagt Juliane Petrich, Referentin f\u00fcr Nachhaltigkeit und Politik beim T\u00dcV-Verband. &#8222;Nachhaltige Grundprinzipien im Sinne von &#8222;Sustainabilty by Design&#8220; sollten auf m\u00f6glichst viele Produktkategorien ausgeweitet werden, zum Beispiel Elektroger\u00e4te wie Smartphones oder Tablets, M\u00f6bel, Textilien oder Baumaterialien.&#8220; Notwendig sei die Entwicklung allgemein anerkannter Pr\u00fcfkriterien und die Einbindung unabh\u00e4ngiger Dritter, um sicherzustellen, dass die Vorgaben eingehalten werden.<\/p><p>Am 30. M\u00e4rz hat die Europ\u00e4ische Kommission ihre Sustainable Product Initiative (SPI) vorgestellt. Ihr Ziel ist es, dass alle in der EU auf den Markt gebrachten Produkte m\u00f6glichst nachhaltig, langlebig, wiederverwendbar, reparierbar und recycelbar sind sowie energieeffizient hergestellt werden. Die Initiative ist eine Ma\u00dfnahme des Aktionsplans f\u00fcr eine europ\u00e4ische Kreislaufwirtschaft. Der T\u00dcV-Verband begr\u00fc\u00dft die SPI f\u00fcr nachhaltige Produkte ausdr\u00fccklich. Petrich: &#8222;Die EU-Initiative er\u00f6ffnet die M\u00f6glichkeit, den Umwelt- und Klimaschutz konsequent in das wirtschaftliche Handeln zu integrieren.&#8220; In seinem aktuellen Positionspapier &#8222;Kreislaufwirtschaft made in Europe&#8220; formuliert der T\u00dcV-Verband dazu politische Empfehlungen, wie eine nachhaltige Transformation gelingen kann.<\/p>\t\t\t\t\t\t\t\t<\/div>\n\t\t\t\t<\/div>\n\t\t\t\t\t<\/div>\n\t\t<\/div>\n\t\t\t\t\t<\/div>\n\t\t<\/section>\n\t\t\t\t<section class=\"elementor-section elementor-top-section elementor-element elementor-element-68fa49b elementor-section-boxed elementor-section-height-default elementor-section-height-default\" data-id=\"68fa49b\" data-element_type=\"section\" data-e-type=\"section\" data-settings=\"{&quot;jet_parallax_layout_list&quot;:[]}\">\n\t\t\t\t\t\t<div class=\"elementor-container elementor-column-gap-default\">\n\t\t\t\t\t<div class=\"elementor-column elementor-col-100 elementor-top-column elementor-element elementor-element-98f70bb\" data-id=\"98f70bb\" data-element_type=\"column\" data-e-type=\"column\">\n\t\t\t<div class=\"elementor-widget-wrap elementor-element-populated\">\n\t\t\t\t\t\t<div class=\"elementor-element elementor-element-06eda7e elementor-widget elementor-widget-text-editor\" data-id=\"06eda7e\" data-element_type=\"widget\" data-e-type=\"widget\" data-widget_type=\"text-editor.default\">\n\t\t\t\t<div class=\"elementor-widget-container\">\n\t\t\t\t\t\t\t\t\t<h3>Verbindliche Nachhaltigkeitsanforderungen schaffen<\/h3><p>Aus einer europ\u00e4ischen Kreislaufwirtschaft ergeben sich auch f\u00fcr Unternehmen viele Vorteile. &#8222;Made in Europe&#8220; kann im Kontext der Kreislaufwirtschaft zu einem echten Werte- und Qualit\u00e4tsversprechen werden und die Wettbewerbsf\u00e4higkeit europ\u00e4ischer Unternehmen im internationalen Vergleich st\u00e4rken. &#8222;Europa kann zum Vorreiter f\u00fcr ressourcenschonende und hochqualitative zirkul\u00e4re Produktl\u00f6sungen, Technologien und Gesch\u00e4ftsmodelle werden&#8220;, sagt Petrich. &#8222;Verbindliche Nachhaltigkeitsanforderungen unterst\u00fctzen Hersteller dabei, Produkte zu fertigen, die l\u00e4nger halten, von h\u00f6herer Qualit\u00e4t sind und aus wiedergewonnenen oder wiederverwertbaren Materialien bestehen.&#8220; F\u00fcr den T\u00dcV-Verband steht neben verbindlichen Nachhaltigkeitskriterien auch die Festschreibung unabh\u00e4ngiger Konformit\u00e4tsbewertungen im Fokus. Unabh\u00e4ngige Pr\u00fcforganisationen k\u00f6nnen sicherstellen, dass kreislauforientierte Vorgaben auch tats\u00e4chlich umgesetzt werden. Klare und unabh\u00e4ngige Kennzeichnungen informieren Verbraucher, welche Produkte kreislauftauglich sind oder einen Mindestanteil an Rezyklaten enthalten.<\/p>\t\t\t\t\t\t\t\t<\/div>\n\t\t\t\t<\/div>\n\t\t\t\t\t<\/div>\n\t\t<\/div>\n\t\t\t\t\t<\/div>\n\t\t<\/section>\n\t\t\t\t<section class=\"elementor-section elementor-top-section elementor-element elementor-element-f463d17 elementor-section-boxed elementor-section-height-default elementor-section-height-default\" data-id=\"f463d17\" data-element_type=\"section\" data-e-type=\"section\" data-settings=\"{&quot;jet_parallax_layout_list&quot;:[]}\">\n\t\t\t\t\t\t<div class=\"elementor-container elementor-column-gap-default\">\n\t\t\t\t\t<div class=\"elementor-column elementor-col-100 elementor-top-column elementor-element elementor-element-c069842\" data-id=\"c069842\" data-element_type=\"column\" data-e-type=\"column\">\n\t\t\t<div class=\"elementor-widget-wrap elementor-element-populated\">\n\t\t\t\t\t\t<div class=\"elementor-element elementor-element-91918ab elementor-widget elementor-widget-text-editor\" data-id=\"91918ab\" data-element_type=\"widget\" data-e-type=\"widget\" data-widget_type=\"text-editor.default\">\n\t\t\t\t<div class=\"elementor-widget-container\">\n\t\t\t\t\t\t\t\t\t<h3>Abfallmengen reduzieren<\/h3><p>Die drastische Reduzierung der Abfallmengen ist ein zentrales Ziel in einer Kreislaufwirtschaft. Der Einsatz von wiederverwendbaren Materialien wird daher in Zukunft eine wichtige Rolle spielen. Jedoch akzeptieren Nutzer recycelte Materialien nur dann, wenn f\u00fcr deren Einsatz die gleichen Anforderungen gelten wie f\u00fcr Neuware. &#8222;Ein Zweiklassensystem von Neuware und Rezyklaten darf nicht entstehen&#8220;, sagt Petrich. &#8222;Insbesondere Anforderungen an die Qualit\u00e4t der Prozesse und der resultierenden Rezyklate sollten daher gesetzlich festgelegt und unabh\u00e4ngig gepr\u00fcft werden.&#8220;<\/p><p>Dar\u00fcber hinaus m\u00fcssen in einer funktionierenden Kreislaufwirtschaft digitale Technologien eine gr\u00f6\u00dfere Rolle spielen. Die Digitalisierung bietet zahlreiche Chancen, zum Beispiel f\u00fcr eine effizientere Abfalltrennung oder innovative Gesch\u00e4ftsmodelle, die Nutzungspfade jenseits des individuellen Besitzes von Produkten er\u00f6ffnen. Voraussetzung ist, dass der \u00f6kologische und soziale Fu\u00dfabdruck der digitalen Technologien so gering wie m\u00f6glich ist. &#8222;Insbesondere Elektroger\u00e4te gehen zu schnell kaputt oder sind so konzipiert, dass sie nur eine Lebensdauer von zwei bis drei Jahren haben&#8220;, sagt Petrich. &#8222;Um in Zukunft Elektroschrott effektiv zu verhindern, muss die Technologiebranche selbst zu einem nachhaltigen Produktdesign verpflichtet werden.&#8220;<\/p><p>Au\u00dferdem unterst\u00fctzt der T\u00dcV-Verband die Einf\u00fchrung von digitalen Produktp\u00e4ssen. Digitale Produktp\u00e4sse k\u00f6nnen alle wichtigen Umwelt- und Materialdaten eines Produkts abbilden. Voraussetzung ist, dass die enthaltenen Informationen zu den sozialen und \u00f6kologischen Auswirkungen der Herstellung sowie zu den Umwelteigenschaften von Produkten oder Dienstleistungen unabh\u00e4ngig gepr\u00fcft und damit verl\u00e4sslich sind.<\/p><p>Weitere Informationen unter <a href=\"https:\/\/www.tuev-verband.de\/\" target=\"_blank\" rel=\"noopener\">www.tuev-verband.de<\/a><\/p>\t\t\t\t\t\t\t\t<\/div>\n\t\t\t\t<\/div>\n\t\t\t\t\t<\/div>\n\t\t<\/div>\n\t\t\t\t\t<\/div>\n\t\t<\/section>\n\t\t\t\t<section class=\"elementor-section elementor-top-section elementor-element elementor-element-f8fea1f elementor-section-boxed elementor-section-height-default elementor-section-height-default\" data-id=\"f8fea1f\" data-element_type=\"section\" data-e-type=\"section\" data-settings=\"{&quot;jet_parallax_layout_list&quot;:[]}\">\n\t\t\t\t\t\t<div class=\"elementor-container elementor-column-gap-default\">\n\t\t\t\t\t<div class=\"elementor-column elementor-col-100 elementor-top-column elementor-element elementor-element-01493bd\" data-id=\"01493bd\" data-element_type=\"column\" data-e-type=\"column\">\n\t\t\t<div class=\"elementor-widget-wrap elementor-element-populated\">\n\t\t\t\t\t\t<div class=\"elementor-element elementor-element-0f34d7d elementor-widget elementor-widget-text-editor\" data-id=\"0f34d7d\" data-element_type=\"widget\" data-e-type=\"widget\" data-widget_type=\"text-editor.default\">\n\t\t\t\t<div class=\"elementor-widget-container\">\n\t\t\t\t\t\t\t\t\t<p><em>\u00dcber den T\u00dcV-Verband: Der T\u00dcV-Verband e. V. vertritt die politischen und fachlichen Interessen seiner Mitglieder gegen\u00fcber Politik, Verwaltung, Wirtschaft und \u00d6ffentlichkeit. Der Verband setzt sich f\u00fcr technische und digitale Sicherheit bei Produkten, Anlagen und Dienstleistungen durch unabh\u00e4ngige Pr\u00fcfungen und qualifizierte Weiterbildung ein. Mit seinen Mitgliedern verfolgt der T\u00dcV-Verband das Ziel, das hohe Niveau der technischen Sicherheit in unserer Gesellschaft zu wahren und Vertrauen f\u00fcr die digitale Welt zu schaffen. \u00a0<\/em><\/p>\t\t\t\t\t\t\t\t<\/div>\n\t\t\t\t<\/div>\n\t\t\t\t\t<\/div>\n\t\t<\/div>\n\t\t\t\t\t<\/div>\n\t\t<\/section>\n\t\t\t\t<\/div>","protected":false},"excerpt":{"rendered":"<p>T\u00dcV-Verband benennt Ma\u00dfnahmen f\u00fcr eine nachhaltige Kreislaufwirtschaft<\/p>","protected":false},"author":5,"featured_media":0,"comment_status":"open","ping_status":"open","sticky":false,"template":"","format":"standard","meta":{"site-sidebar-layout":"default","site-content-layout":"","ast-site-content-layout":"default","site-content-style":"default","site-sidebar-style":"default","ast-global-header-display":"","ast-banner-title-visibility":"","ast-main-header-display":"","ast-hfb-above-header-display":"","ast-hfb-below-header-display":"","ast-hfb-mobile-header-display":"","site-post-title":"","ast-breadcrumbs-content":"","ast-featured-img":"","footer-sml-layout":"","ast-disable-related-posts":"","theme-transparent-header-meta":"","adv-header-id-meta":"","stick-header-meta":"","header-above-stick-meta":"","header-main-stick-meta":"","header-below-stick-meta":"","astra-migrate-meta-layouts":"default","ast-page-background-enabled":"default","ast-page-background-meta":{"desktop":{"background-color":"var(--ast-global-color-4)","background-image":"","background-repeat":"repeat","background-position":"center center","background-size":"auto","background-attachment":"scroll","background-type":"","background-media":"","overlay-type":"","overlay-color":"","overlay-opacity":"","overlay-gradient":""},"tablet":{"background-color":"","background-image":"","background-repeat":"repeat","background-position":"center center","background-size":"auto","background-attachment":"scroll","background-type":"","background-media":"","overlay-type":"","overlay-color":"","overlay-opacity":"","overlay-gradient":""},"mobile":{"background-color":"","background-image":"","background-repeat":"repeat","background-position":"center center","background-size":"auto","background-attachment":"scroll","background-type":"","background-media":"","overlay-type":"","overlay-color":"","overlay-opacity":"","overlay-gradient":""}},"ast-content-background-meta":{"desktop":{"background-color":"var(--ast-global-color-5)","background-image":"","background-repeat":"repeat","background-position":"center center","background-size":"auto","background-attachment":"scroll","background-type":"","background-media":"","overlay-type":"","overlay-color":"","overlay-opacity":"","overlay-gradient":""},"tablet":{"background-color":"var(--ast-global-color-5)","background-image":"","background-repeat":"repeat","background-position":"center center","background-size":"auto","background-attachment":"scroll","background-type":"","background-media":"","overlay-type":"","overlay-color":"","overlay-opacity":"","overlay-gradient":""},"mobile":{"background-color":"var(--ast-global-color-5)","background-image":"","background-repeat":"repeat","background-position":"center center","background-size":"auto","background-attachment":"scroll","background-type":"","background-media":"","overlay-type":"","overlay-color":"","overlay-opacity":"","overlay-gradient":""}},"footnotes":""},"categories":[8],"tags":[],"class_list":["post-8984","post","type-post","status-publish","format-standard","hentry","category-pfefferkorn"],"yoast_head":"<!-- This site is optimized with the Yoast SEO plugin v27.4 - https:\/\/yoast.com\/product\/yoast-seo-wordpress\/ -->\n<title>T\u00dcV-Verband benennt Ma\u00dfnahmen f\u00fcr eine nachhaltige Kreislaufwirtschaft<\/title>\n<meta name=\"description\" content=\"(ots) Der T\u00dcV-Verband hat die Einf\u00fchrung verbindlicher Nachhaltigkeitskriterien bei der Entwicklung neuer Produkte in der EU gefordert.\" \/>\n<meta name=\"robots\" content=\"index, follow, max-snippet:-1, max-image-preview:large, max-video-preview:-1\" \/>\n<link rel=\"canonical\" href=\"https:\/\/verschluss.de\/en\/es\/pfefferkorn\/nachhaltigkeit_blog\/\" \/>\n<meta property=\"og:locale\" content=\"en_GB\" \/>\n<meta property=\"og:type\" content=\"article\" \/>\n<meta property=\"og:title\" content=\"T\u00dcV-Verband benennt Ma\u00dfnahmen f\u00fcr eine nachhaltige Kreislaufwirtschaft\" \/>\n<meta property=\"og:description\" content=\"(ots) Der T\u00dcV-Verband hat die Einf\u00fchrung verbindlicher Nachhaltigkeitskriterien bei der Entwicklung neuer Produkte in der EU gefordert.\" \/>\n<meta property=\"og:url\" content=\"https:\/\/verschluss.de\/en\/es\/pfefferkorn\/nachhaltigkeit_blog\/\" \/>\n<meta property=\"og:site_name\" content=\"Verschluss.de\" \/>\n<meta property=\"article:published_time\" content=\"2022-04-18T02:00:00+00:00\" \/>\n<meta property=\"og:image\" content=\"https:\/\/verschluss.de\/wp-content\/uploads\/2022\/04\/Konstruktion-Flamme-3D-quer.jpg\" \/>\n\t<meta property=\"og:image:width\" content=\"1772\" \/>\n\t<meta property=\"og:image:height\" content=\"1181\" \/>\n\t<meta property=\"og:image:type\" content=\"image\/jpeg\" \/>\n<meta name=\"author\" content=\"Bianka Teinze\" \/>\n<meta name=\"twitter:card\" content=\"summary_large_image\" \/>\n<meta name=\"twitter:label1\" content=\"Written by\" \/>\n\t<meta name=\"twitter:data1\" content=\"Bianka Teinze\" \/>\n\t<meta name=\"twitter:label2\" content=\"Estimated reading time\" \/>\n\t<meta name=\"twitter:data2\" content=\"4 minutes\" \/>\n<script type=\"application\/ld+json\" class=\"yoast-schema-graph\">{\"@context\":\"https:\\\/\\\/schema.org\",\"@graph\":[{\"@type\":\"Article\",\"@id\":\"https:\\\/\\\/verschluss.de\\\/es\\\/pfefferkorn\\\/nachhaltigkeit_blog\\\/#article\",\"isPartOf\":{\"@id\":\"https:\\\/\\\/verschluss.de\\\/es\\\/pfefferkorn\\\/nachhaltigkeit_blog\\\/\"},\"author\":{\"name\":\"Bianka Teinze\",\"@id\":\"https:\\\/\\\/verschluss.de\\\/#\\\/schema\\\/person\\\/87d2c259dcb40033e79c398b6682e8a3\"},\"headline\":\"Nachhaltigkeit\",\"datePublished\":\"2022-04-18T02:00:00+00:00\",\"mainEntityOfPage\":{\"@id\":\"https:\\\/\\\/verschluss.de\\\/es\\\/pfefferkorn\\\/nachhaltigkeit_blog\\\/\"},\"wordCount\":709,\"commentCount\":0,\"articleSection\":[\"Pfefferkorn\"],\"inLanguage\":\"en-GB\",\"potentialAction\":[{\"@type\":\"CommentAction\",\"name\":\"Comment\",\"target\":[\"https:\\\/\\\/verschluss.de\\\/es\\\/pfefferkorn\\\/nachhaltigkeit_blog\\\/#respond\"]}]},{\"@type\":\"WebPage\",\"@id\":\"https:\\\/\\\/verschluss.de\\\/es\\\/pfefferkorn\\\/nachhaltigkeit_blog\\\/\",\"url\":\"https:\\\/\\\/verschluss.de\\\/es\\\/pfefferkorn\\\/nachhaltigkeit_blog\\\/\",\"name\":\"T\u00dcV-Verband benennt Ma\u00dfnahmen f\u00fcr eine nachhaltige Kreislaufwirtschaft\",\"isPartOf\":{\"@id\":\"https:\\\/\\\/verschluss.de\\\/#website\"},\"datePublished\":\"2022-04-18T02:00:00+00:00\",\"author\":{\"@id\":\"https:\\\/\\\/verschluss.de\\\/#\\\/schema\\\/person\\\/87d2c259dcb40033e79c398b6682e8a3\"},\"description\":\"(ots) Der T\u00dcV-Verband hat die Einf\u00fchrung verbindlicher Nachhaltigkeitskriterien bei der Entwicklung neuer Produkte in der EU gefordert.\",\"breadcrumb\":{\"@id\":\"https:\\\/\\\/verschluss.de\\\/es\\\/pfefferkorn\\\/nachhaltigkeit_blog\\\/#breadcrumb\"},\"inLanguage\":\"en-GB\",\"potentialAction\":[{\"@type\":\"ReadAction\",\"target\":[\"https:\\\/\\\/verschluss.de\\\/es\\\/pfefferkorn\\\/nachhaltigkeit_blog\\\/\"]}]},{\"@type\":\"BreadcrumbList\",\"@id\":\"https:\\\/\\\/verschluss.de\\\/es\\\/pfefferkorn\\\/nachhaltigkeit_blog\\\/#breadcrumb\",\"itemListElement\":[{\"@type\":\"ListItem\",\"position\":1,\"name\":\"Startseite\",\"item\":\"https:\\\/\\\/verschluss.de\\\/\"},{\"@type\":\"ListItem\",\"position\":2,\"name\":\"Nachhaltigkeit\"}]},{\"@type\":\"WebSite\",\"@id\":\"https:\\\/\\\/verschluss.de\\\/#website\",\"url\":\"https:\\\/\\\/verschluss.de\\\/\",\"name\":\"Verschluss.de\",\"description\":\"Wir entwickeln und realisieren Ihre Visionen in der Welt der Thermoplaste\",\"potentialAction\":[{\"@type\":\"SearchAction\",\"target\":{\"@type\":\"EntryPoint\",\"urlTemplate\":\"https:\\\/\\\/verschluss.de\\\/?s={search_term_string}\"},\"query-input\":{\"@type\":\"PropertyValueSpecification\",\"valueRequired\":true,\"valueName\":\"search_term_string\"}}],\"inLanguage\":\"en-GB\"},{\"@type\":\"Person\",\"@id\":\"https:\\\/\\\/verschluss.de\\\/#\\\/schema\\\/person\\\/87d2c259dcb40033e79c398b6682e8a3\",\"name\":\"Bianka Teinze\",\"image\":{\"@type\":\"ImageObject\",\"inLanguage\":\"en-GB\",\"@id\":\"https:\\\/\\\/secure.gravatar.com\\\/avatar\\\/c0d8b52e710e03a2416019ddedca06b038a3bf745c9b4ccb1e9f8c355e76be7f?s=96&d=mm&r=g\",\"url\":\"https:\\\/\\\/secure.gravatar.com\\\/avatar\\\/c0d8b52e710e03a2416019ddedca06b038a3bf745c9b4ccb1e9f8c355e76be7f?s=96&d=mm&r=g\",\"contentUrl\":\"https:\\\/\\\/secure.gravatar.com\\\/avatar\\\/c0d8b52e710e03a2416019ddedca06b038a3bf745c9b4ccb1e9f8c355e76be7f?s=96&d=mm&r=g\",\"caption\":\"Bianka Teinze\"},\"sameAs\":[\"https:\\\/\\\/verschluss.de\\\/\"],\"url\":\"https:\\\/\\\/verschluss.de\\\/en\\\/author\\\/biankateinze\\\/\"}]}<\/script>\n<!-- \/ Yoast SEO plugin. -->","yoast_head_json":{"title":"T\u00dcV-Verband benennt Ma\u00dfnahmen f\u00fcr eine nachhaltige Kreislaufwirtschaft","description":"(ots) Der T\u00dcV-Verband hat die Einf\u00fchrung verbindlicher Nachhaltigkeitskriterien bei der Entwicklung neuer Produkte in der EU gefordert.","robots":{"index":"index","follow":"follow","max-snippet":"max-snippet:-1","max-image-preview":"max-image-preview:large","max-video-preview":"max-video-preview:-1"},"canonical":"https:\/\/verschluss.de\/en\/es\/pfefferkorn\/nachhaltigkeit_blog\/","og_locale":"en_GB","og_type":"article","og_title":"T\u00dcV-Verband benennt Ma\u00dfnahmen f\u00fcr eine nachhaltige Kreislaufwirtschaft","og_description":"(ots) Der T\u00dcV-Verband hat die Einf\u00fchrung verbindlicher Nachhaltigkeitskriterien bei der Entwicklung neuer Produkte in der EU gefordert.","og_url":"https:\/\/verschluss.de\/en\/es\/pfefferkorn\/nachhaltigkeit_blog\/","og_site_name":"Verschluss.de","article_published_time":"2022-04-18T02:00:00+00:00","og_image":[{"width":1772,"height":1181,"url":"https:\/\/verschluss.de\/wp-content\/uploads\/2022\/04\/Konstruktion-Flamme-3D-quer.jpg","type":"image\/jpeg"}],"author":"Bianka Teinze","twitter_card":"summary_large_image","twitter_misc":{"Written by":"Bianka Teinze","Estimated reading time":"4 minutes"},"schema":{"@context":"https:\/\/schema.org","@graph":[{"@type":"Article","@id":"https:\/\/verschluss.de\/es\/pfefferkorn\/nachhaltigkeit_blog\/#article","isPartOf":{"@id":"https:\/\/verschluss.de\/es\/pfefferkorn\/nachhaltigkeit_blog\/"},"author":{"name":"Bianka Teinze","@id":"https:\/\/verschluss.de\/#\/schema\/person\/87d2c259dcb40033e79c398b6682e8a3"},"headline":"Nachhaltigkeit","datePublished":"2022-04-18T02:00:00+00:00","mainEntityOfPage":{"@id":"https:\/\/verschluss.de\/es\/pfefferkorn\/nachhaltigkeit_blog\/"},"wordCount":709,"commentCount":0,"articleSection":["Pfefferkorn"],"inLanguage":"en-GB","potentialAction":[{"@type":"CommentAction","name":"Comment","target":["https:\/\/verschluss.de\/es\/pfefferkorn\/nachhaltigkeit_blog\/#respond"]}]},{"@type":"WebPage","@id":"https:\/\/verschluss.de\/es\/pfefferkorn\/nachhaltigkeit_blog\/","url":"https:\/\/verschluss.de\/es\/pfefferkorn\/nachhaltigkeit_blog\/","name":"T\u00dcV-Verband benennt Ma\u00dfnahmen f\u00fcr eine nachhaltige Kreislaufwirtschaft","isPartOf":{"@id":"https:\/\/verschluss.de\/#website"},"datePublished":"2022-04-18T02:00:00+00:00","author":{"@id":"https:\/\/verschluss.de\/#\/schema\/person\/87d2c259dcb40033e79c398b6682e8a3"},"description":"(ots) Der T\u00dcV-Verband hat die Einf\u00fchrung verbindlicher Nachhaltigkeitskriterien bei der Entwicklung neuer Produkte in der EU gefordert.","breadcrumb":{"@id":"https:\/\/verschluss.de\/es\/pfefferkorn\/nachhaltigkeit_blog\/#breadcrumb"},"inLanguage":"en-GB","potentialAction":[{"@type":"ReadAction","target":["https:\/\/verschluss.de\/es\/pfefferkorn\/nachhaltigkeit_blog\/"]}]},{"@type":"BreadcrumbList","@id":"https:\/\/verschluss.de\/es\/pfefferkorn\/nachhaltigkeit_blog\/#breadcrumb","itemListElement":[{"@type":"ListItem","position":1,"name":"Startseite","item":"https:\/\/verschluss.de\/"},{"@type":"ListItem","position":2,"name":"Nachhaltigkeit"}]},{"@type":"WebSite","@id":"https:\/\/verschluss.de\/#website","url":"https:\/\/verschluss.de\/","name":"Verschluss.de","description":"Wir entwickeln und realisieren Ihre Visionen in der Welt der Thermoplaste","potentialAction":[{"@type":"SearchAction","target":{"@type":"EntryPoint","urlTemplate":"https:\/\/verschluss.de\/?s={search_term_string}"},"query-input":{"@type":"PropertyValueSpecification","valueRequired":true,"valueName":"search_term_string"}}],"inLanguage":"en-GB"},{"@type":"Person","@id":"https:\/\/verschluss.de\/#\/schema\/person\/87d2c259dcb40033e79c398b6682e8a3","name":"Bianka Teinze","image":{"@type":"ImageObject","inLanguage":"en-GB","@id":"https:\/\/secure.gravatar.com\/avatar\/c0d8b52e710e03a2416019ddedca06b038a3bf745c9b4ccb1e9f8c355e76be7f?s=96&d=mm&r=g","url":"https:\/\/secure.gravatar.com\/avatar\/c0d8b52e710e03a2416019ddedca06b038a3bf745c9b4ccb1e9f8c355e76be7f?s=96&d=mm&r=g","contentUrl":"https:\/\/secure.gravatar.com\/avatar\/c0d8b52e710e03a2416019ddedca06b038a3bf745c9b4ccb1e9f8c355e76be7f?s=96&d=mm&r=g","caption":"Bianka Teinze"},"sameAs":["https:\/\/verschluss.de\/"],"url":"https:\/\/verschluss.de\/en\/author\/biankateinze\/"}]}},"_links":{"self":[{"href":"https:\/\/verschluss.de\/en\/wp-json\/wp\/v2\/posts\/8984","targetHints":{"allow":["GET"]}}],"collection":[{"href":"https:\/\/verschluss.de\/en\/wp-json\/wp\/v2\/posts"}],"about":[{"href":"https:\/\/verschluss.de\/en\/wp-json\/wp\/v2\/types\/post"}],"author":[{"embeddable":true,"href":"https:\/\/verschluss.de\/en\/wp-json\/wp\/v2\/users\/5"}],"replies":[{"embeddable":true,"href":"https:\/\/verschluss.de\/en\/wp-json\/wp\/v2\/comments?post=8984"}],"version-history":[{"count":10,"href":"https:\/\/verschluss.de\/en\/wp-json\/wp\/v2\/posts\/8984\/revisions"}],"predecessor-version":[{"id":9013,"href":"https:\/\/verschluss.de\/en\/wp-json\/wp\/v2\/posts\/8984\/revisions\/9013"}],"wp:attachment":[{"href":"https:\/\/verschluss.de\/en\/wp-json\/wp\/v2\/media?parent=8984"}],"wp:term":[{"taxonomy":"category","embeddable":true,"href":"https:\/\/verschluss.de\/en\/wp-json\/wp\/v2\/categories?post=8984"},{"taxonomy":"post_tag","embeddable":true,"href":"https:\/\/verschluss.de\/en\/wp-json\/wp\/v2\/tags?post=8984"}],"curies":[{"name":"wp","href":"https:\/\/api.w.org\/{rel}","templated":true}]}}