{"id":9334,"date":"2022-05-13T06:56:56","date_gmt":"2022-05-13T04:56:56","guid":{"rendered":"http:\/\/verschluss.de\/?p=9334"},"modified":"2022-05-13T06:56:57","modified_gmt":"2022-05-13T04:56:57","slug":"freitag-der-13","status":"publish","type":"post","link":"https:\/\/verschluss.de\/en\/schneider\/freitag-der-13\/","title":{"rendered":"Freitag, der 13."},"content":{"rendered":"<div data-elementor-type=\"wp-post\" data-elementor-id=\"9334\" class=\"elementor elementor-9334\" data-elementor-post-type=\"post\">\n\t\t\t\t\t\t<section class=\"elementor-section elementor-top-section elementor-element elementor-element-fe5b452 elementor-section-boxed elementor-section-height-default elementor-section-height-default\" data-id=\"fe5b452\" data-element_type=\"section\" data-e-type=\"section\" data-settings=\"{&quot;jet_parallax_layout_list&quot;:[]}\">\n\t\t\t\t\t\t<div class=\"elementor-container elementor-column-gap-default\">\n\t\t\t\t\t<div class=\"elementor-column elementor-col-100 elementor-top-column elementor-element elementor-element-1a14563\" data-id=\"1a14563\" data-element_type=\"column\" data-e-type=\"column\">\n\t\t\t<div class=\"elementor-widget-wrap elementor-element-populated\">\n\t\t\t\t\t\t<div class=\"elementor-element elementor-element-cb794f3 elementor-widget elementor-widget-text-editor\" data-id=\"cb794f3\" data-element_type=\"widget\" data-e-type=\"widget\" data-widget_type=\"text-editor.default\">\n\t\t\t\t<div class=\"elementor-widget-container\">\n\t\t\t\t\t\t\t\t\t<p>F\u00fcr manche Menschen hat Freitag, der 13., etwas Unheimliches. Sie rechnen an diesem Tag mit Pech und Ungl\u00fcck. Aber woher kommt das?<\/p>\t\t\t\t\t\t\t\t<\/div>\n\t\t\t\t<\/div>\n\t\t\t\t\t<\/div>\n\t\t<\/div>\n\t\t\t\t\t<\/div>\n\t\t<\/section>\n\t\t\t\t<section class=\"elementor-section elementor-top-section elementor-element elementor-element-0cbdc0e elementor-section-boxed elementor-section-height-default elementor-section-height-default\" data-id=\"0cbdc0e\" data-element_type=\"section\" data-e-type=\"section\" data-settings=\"{&quot;jet_parallax_layout_list&quot;:[]}\">\n\t\t\t\t\t\t<div class=\"elementor-container elementor-column-gap-default\">\n\t\t\t\t\t<div class=\"elementor-column elementor-col-100 elementor-top-column elementor-element elementor-element-66590e1\" data-id=\"66590e1\" data-element_type=\"column\" data-e-type=\"column\">\n\t\t\t<div class=\"elementor-widget-wrap elementor-element-populated\">\n\t\t\t\t\t\t<div class=\"elementor-element elementor-element-c374a4f elementor-widget elementor-widget-text-editor\" data-id=\"c374a4f\" data-element_type=\"widget\" data-e-type=\"widget\" data-widget_type=\"text-editor.default\">\n\t\t\t\t<div class=\"elementor-widget-container\">\n\t\t\t\t\t\t\t\t\t<p>Der wirkliche Grund, warum Freitag, der 13. als Ungl\u00fcckstag gilt, ist nicht bekannt. Aber es gibt die eine oder andere Theorie. Z.B. gilt die Zahl 13 schon lange als Ungl\u00fcckszahl. Vielleicht, weil der Apostel Judas Iskariot beim letzten Abendmahl als 13. mit am Tisch sa\u00df? Oder liegt es daran, dass K\u00f6nig Philipp IV. am Freitag, den 13. Oktober 1307, alle Mitglieder des Templerordens in Paris verhaften lie\u00df? Und dass, wenn man der Legende glauben will, deren letzter Gro\u00dfmeister an einem Freitag, den 13., auf dem Scheiterhaufen gestorben sein soll?<\/p><p>Vielleicht hat die 13 aber nur das Pech, direkt auf die 12 zu folgen, die eine sehr positiv belegte Zahl ist. Man denke nur an die zw\u00f6lf Monate, die zw\u00f6lf Sternzeichen und eben die zw\u00f6lf J\u00fcnger.<\/p><p>Die Angst vor der 13 f\u00fchrt sogar dazu, dass manche Hotels keine 13. Etage haben oder auf die Zimmernummer 13 verzichten und dass in manchen Flugzeugen auf die 13. Sitzreihe verzichtet wird. Dabei k\u00f6nnte man die 13 ruhig als Gl\u00fcckszahl betrachten, denn die erste Lottozahl, die im Oktober 1955 als allererste Zahl aus \u201e6 aus 49\u201c gezogen wurde, war die 13.<\/p><p>Der Freitag ist f\u00fcr Christen schon lange ein \u201eschlechter\u201c Tag. Angeblich sollen Adam und Eva an einem Freitag den verbotenen Apfel gekostet haben und Jesus wurde bekanntlich an einem Freitag gekreuzigt.<\/p><p>Die Kombination aus dem Freitag und der 13 ist daher f\u00fcr viele be\u00e4ngstigend. Umso interessanter sind verschiedene \u201eGegenmittel\u201c, die man sich im Laufe der Jahrhunderte dazu ausgedacht hat. So etablierten sich z.B. im 19. Jahrhundert in Paris professionelle Extrag\u00e4ste f\u00fcr Gesellschaften (\u201eQuatorzi\u00e8me\u201c), deren einzige Aufgabe es war, die Personenzahl 13 zu vermeiden.<\/p><p>In New York wurde stattdessen Ende des 19. Jahrhundert der \u201eThirteen Club\u201c gegr\u00fcndet. Man wollte beweisen, dass \u201e13 an einem Tisch\u201c kein Ungl\u00fcck bringen. In weniger als zehn Jahren konnte der Club schon 400 Mitglieder vorweisen. Au\u00dferdem konnten f\u00fcnf US-Pr\u00e4sidenten zu Ehrenmitgliedern ernannt werden:<\/p><p>Chester Arthur (1829 \u2013 1886; 21. Pr\u00e4sident der Vereinigten Staaten)<br \/>Grover Cleveland (1837 \u2013 1908, 22. und 24. Pr\u00e4sident)<br \/>Benjamin Harrison (1833 \u2013 1901; 23. Pr\u00e4sident)<br \/>William McKinley (1843 \u2013 1901; 25. Pr\u00e4sident)<br \/>Theodore Roosevelt (1858 \u2013 1919; 26. Pr\u00e4sident)<\/p><p>Vom Ableben eines 13. Tischgastes wurde bis heute nichts \u00fcberliefert.<\/p><p>Fakt ist, dass in jedem Jahr mindestens in einem Monat ein Freitag, der 13., vorkommt, h\u00f6chstens jedoch in drei Monaten. Zuletzt 2015 war ein \u201eschwarzes\u201c Jahr mit 3 Ungl\u00fccks-Freitagen: 13. Februar, 13. M\u00e4rz und 13. November. Ausschlaggebend ist, mit welchem Wochentag ein Jahr beginnt. Interessanterweise ist es nicht der Freitag, der ein Jahr mit 3 Ungl\u00fccksfreitagen best\u00fcckt, sondern der Donnerstag. Demnach erwarten uns erst 2026 wieder drei Monate mit einem \u201eFreitag, der 13.\u201c.<\/p><p>Fakt ist ebenfalls, dass laut Statistik an einem Freitag, den 13., nicht mehr Unf\u00e4lle passieren als an anderen Freitagen.<\/p><p>Ganz im Gegenteil kann die Sensibilit\u00e4t der Menschen an diesem Tag sogar Gutes bewirken: Die Feuerwehren nutzen seit 2006 j\u00e4hrlich einen Freitag, den 13., als \u201eRauchmeldertag\u201c, um auf Gefahren im Alltag hinzuweisen.<\/p><p>Man sieht also \u201eEs liegt immer im Auge des Betrachters\u201c \u2026<\/p>\t\t\t\t\t\t\t\t<\/div>\n\t\t\t\t<\/div>\n\t\t\t\t\t<\/div>\n\t\t<\/div>\n\t\t\t\t\t<\/div>\n\t\t<\/section>\n\t\t\t\t<\/div>","protected":false},"excerpt":{"rendered":"<p>Pleiten, Pech und Pannen \u2013 was ist dran am Mythos um Freitag, den 13.?<\/p>","protected":false},"author":5,"featured_media":0,"comment_status":"open","ping_status":"open","sticky":false,"template":"","format":"standard","meta":{"site-sidebar-layout":"default","site-content-layout":"","ast-site-content-layout":"default","site-content-style":"default","site-sidebar-style":"default","ast-global-header-display":"","ast-banner-title-visibility":"","ast-main-header-display":"","ast-hfb-above-header-display":"","ast-hfb-below-header-display":"","ast-hfb-mobile-header-display":"","site-post-title":"","ast-breadcrumbs-content":"","ast-featured-img":"","footer-sml-layout":"","ast-disable-related-posts":"","theme-transparent-header-meta":"","adv-header-id-meta":"","stick-header-meta":"","header-above-stick-meta":"","header-main-stick-meta":"","header-below-stick-meta":"","astra-migrate-meta-layouts":"default","ast-page-background-enabled":"default","ast-page-background-meta":{"desktop":{"background-color":"var(--ast-global-color-4)","background-image":"","background-repeat":"repeat","background-position":"center center","background-size":"auto","background-attachment":"scroll","background-type":"","background-media":"","overlay-type":"","overlay-color":"","overlay-opacity":"","overlay-gradient":""},"tablet":{"background-color":"","background-image":"","background-repeat":"repeat","background-position":"center center","background-size":"auto","background-attachment":"scroll","background-type":"","background-media":"","overlay-type":"","overlay-color":"","overlay-opacity":"","overlay-gradient":""},"mobile":{"background-color":"","background-image":"","background-repeat":"repeat","background-position":"center center","background-size":"auto","background-attachment":"scroll","background-type":"","background-media":"","overlay-type":"","overlay-color":"","overlay-opacity":"","overlay-gradient":""}},"ast-content-background-meta":{"desktop":{"background-color":"var(--ast-global-color-5)","background-image":"","background-repeat":"repeat","background-position":"center center","background-size":"auto","background-attachment":"scroll","background-type":"","background-media":"","overlay-type":"","overlay-color":"","overlay-opacity":"","overlay-gradient":""},"tablet":{"background-color":"var(--ast-global-color-5)","background-image":"","background-repeat":"repeat","background-position":"center center","background-size":"auto","background-attachment":"scroll","background-type":"","background-media":"","overlay-type":"","overlay-color":"","overlay-opacity":"","overlay-gradient":""},"mobile":{"background-color":"var(--ast-global-color-5)","background-image":"","background-repeat":"repeat","background-position":"center center","background-size":"auto","background-attachment":"scroll","background-type":"","background-media":"","overlay-type":"","overlay-color":"","overlay-opacity":"","overlay-gradient":""}},"footnotes":""},"categories":[9],"tags":[],"class_list":["post-9334","post","type-post","status-publish","format-standard","hentry","category-schneider"],"yoast_head":"<!-- This site is optimized with the Yoast SEO plugin v27.4 - https:\/\/yoast.com\/product\/yoast-seo-wordpress\/ -->\n<title>Freitag, der 13.<\/title>\n<meta name=\"description\" content=\"F\u00fcr manche Menschen hat Freitag, der 13., etwas Unheimliches. Sie rechnen an diesem Tag mit Pech und Ungl\u00fcck. Aber woher kommt das?\" \/>\n<meta name=\"robots\" content=\"index, follow, max-snippet:-1, max-image-preview:large, max-video-preview:-1\" \/>\n<link rel=\"canonical\" href=\"https:\/\/verschluss.de\/en\/schneider\/freitag-der-13\/\" \/>\n<meta property=\"og:locale\" content=\"en_GB\" \/>\n<meta property=\"og:type\" content=\"article\" \/>\n<meta property=\"og:title\" content=\"Freitag, der 13.\" \/>\n<meta property=\"og:description\" content=\"F\u00fcr manche Menschen hat Freitag, der 13., etwas Unheimliches. Sie rechnen an diesem Tag mit Pech und Ungl\u00fcck. Aber woher kommt das?\" \/>\n<meta property=\"og:url\" content=\"https:\/\/verschluss.de\/en\/schneider\/freitag-der-13\/\" \/>\n<meta property=\"og:site_name\" content=\"Verschluss.de\" \/>\n<meta property=\"article:published_time\" content=\"2022-05-13T04:56:56+00:00\" \/>\n<meta property=\"article:modified_time\" content=\"2022-05-13T04:56:57+00:00\" \/>\n<meta property=\"og:image\" content=\"https:\/\/verschluss.de\/wp-content\/uploads\/2022\/05\/2022-05-13-Freitag-der-13.jpg\" \/>\n\t<meta property=\"og:image:width\" content=\"835\" \/>\n\t<meta property=\"og:image:height\" content=\"555\" \/>\n\t<meta property=\"og:image:type\" content=\"image\/jpeg\" \/>\n<meta name=\"author\" content=\"Bianka Teinze\" \/>\n<meta name=\"twitter:card\" content=\"summary_large_image\" \/>\n<meta name=\"twitter:label1\" content=\"Written by\" \/>\n\t<meta name=\"twitter:data1\" content=\"Bianka Teinze\" \/>\n\t<meta name=\"twitter:label2\" content=\"Estimated reading time\" \/>\n\t<meta name=\"twitter:data2\" content=\"3 minutes\" \/>\n<script type=\"application\/ld+json\" class=\"yoast-schema-graph\">{\"@context\":\"https:\\\/\\\/schema.org\",\"@graph\":[{\"@type\":\"Article\",\"@id\":\"https:\\\/\\\/verschluss.de\\\/schneider\\\/freitag-der-13\\\/#article\",\"isPartOf\":{\"@id\":\"https:\\\/\\\/verschluss.de\\\/schneider\\\/freitag-der-13\\\/\"},\"author\":{\"name\":\"Bianka Teinze\",\"@id\":\"https:\\\/\\\/verschluss.de\\\/#\\\/schema\\\/person\\\/87d2c259dcb40033e79c398b6682e8a3\"},\"headline\":\"Freitag, der 13.\",\"datePublished\":\"2022-05-13T04:56:56+00:00\",\"dateModified\":\"2022-05-13T04:56:57+00:00\",\"mainEntityOfPage\":{\"@id\":\"https:\\\/\\\/verschluss.de\\\/schneider\\\/freitag-der-13\\\/\"},\"wordCount\":502,\"commentCount\":0,\"articleSection\":[\"Schneider\"],\"inLanguage\":\"en-GB\",\"potentialAction\":[{\"@type\":\"CommentAction\",\"name\":\"Comment\",\"target\":[\"https:\\\/\\\/verschluss.de\\\/schneider\\\/freitag-der-13\\\/#respond\"]}]},{\"@type\":\"WebPage\",\"@id\":\"https:\\\/\\\/verschluss.de\\\/schneider\\\/freitag-der-13\\\/\",\"url\":\"https:\\\/\\\/verschluss.de\\\/schneider\\\/freitag-der-13\\\/\",\"name\":\"Freitag, der 13.\",\"isPartOf\":{\"@id\":\"https:\\\/\\\/verschluss.de\\\/#website\"},\"datePublished\":\"2022-05-13T04:56:56+00:00\",\"dateModified\":\"2022-05-13T04:56:57+00:00\",\"author\":{\"@id\":\"https:\\\/\\\/verschluss.de\\\/#\\\/schema\\\/person\\\/87d2c259dcb40033e79c398b6682e8a3\"},\"description\":\"F\u00fcr manche Menschen hat Freitag, der 13., etwas Unheimliches. Sie rechnen an diesem Tag mit Pech und Ungl\u00fcck. Aber woher kommt das?\",\"breadcrumb\":{\"@id\":\"https:\\\/\\\/verschluss.de\\\/schneider\\\/freitag-der-13\\\/#breadcrumb\"},\"inLanguage\":\"en-GB\",\"potentialAction\":[{\"@type\":\"ReadAction\",\"target\":[\"https:\\\/\\\/verschluss.de\\\/schneider\\\/freitag-der-13\\\/\"]}]},{\"@type\":\"BreadcrumbList\",\"@id\":\"https:\\\/\\\/verschluss.de\\\/schneider\\\/freitag-der-13\\\/#breadcrumb\",\"itemListElement\":[{\"@type\":\"ListItem\",\"position\":1,\"name\":\"Startseite\",\"item\":\"https:\\\/\\\/verschluss.de\\\/\"},{\"@type\":\"ListItem\",\"position\":2,\"name\":\"Freitag, der 13.\"}]},{\"@type\":\"WebSite\",\"@id\":\"https:\\\/\\\/verschluss.de\\\/#website\",\"url\":\"https:\\\/\\\/verschluss.de\\\/\",\"name\":\"Verschluss.de\",\"description\":\"Wir entwickeln und realisieren Ihre Visionen in der Welt der Thermoplaste\",\"potentialAction\":[{\"@type\":\"SearchAction\",\"target\":{\"@type\":\"EntryPoint\",\"urlTemplate\":\"https:\\\/\\\/verschluss.de\\\/?s={search_term_string}\"},\"query-input\":{\"@type\":\"PropertyValueSpecification\",\"valueRequired\":true,\"valueName\":\"search_term_string\"}}],\"inLanguage\":\"en-GB\"},{\"@type\":\"Person\",\"@id\":\"https:\\\/\\\/verschluss.de\\\/#\\\/schema\\\/person\\\/87d2c259dcb40033e79c398b6682e8a3\",\"name\":\"Bianka Teinze\",\"image\":{\"@type\":\"ImageObject\",\"inLanguage\":\"en-GB\",\"@id\":\"https:\\\/\\\/secure.gravatar.com\\\/avatar\\\/c0d8b52e710e03a2416019ddedca06b038a3bf745c9b4ccb1e9f8c355e76be7f?s=96&d=mm&r=g\",\"url\":\"https:\\\/\\\/secure.gravatar.com\\\/avatar\\\/c0d8b52e710e03a2416019ddedca06b038a3bf745c9b4ccb1e9f8c355e76be7f?s=96&d=mm&r=g\",\"contentUrl\":\"https:\\\/\\\/secure.gravatar.com\\\/avatar\\\/c0d8b52e710e03a2416019ddedca06b038a3bf745c9b4ccb1e9f8c355e76be7f?s=96&d=mm&r=g\",\"caption\":\"Bianka Teinze\"},\"sameAs\":[\"https:\\\/\\\/verschluss.de\\\/\"],\"url\":\"https:\\\/\\\/verschluss.de\\\/en\\\/author\\\/biankateinze\\\/\"}]}<\/script>\n<!-- \/ Yoast SEO plugin. -->","yoast_head_json":{"title":"Freitag, der 13.","description":"F\u00fcr manche Menschen hat Freitag, der 13., etwas Unheimliches. Sie rechnen an diesem Tag mit Pech und Ungl\u00fcck. Aber woher kommt das?","robots":{"index":"index","follow":"follow","max-snippet":"max-snippet:-1","max-image-preview":"max-image-preview:large","max-video-preview":"max-video-preview:-1"},"canonical":"https:\/\/verschluss.de\/en\/schneider\/freitag-der-13\/","og_locale":"en_GB","og_type":"article","og_title":"Freitag, der 13.","og_description":"F\u00fcr manche Menschen hat Freitag, der 13., etwas Unheimliches. Sie rechnen an diesem Tag mit Pech und Ungl\u00fcck. Aber woher kommt das?","og_url":"https:\/\/verschluss.de\/en\/schneider\/freitag-der-13\/","og_site_name":"Verschluss.de","article_published_time":"2022-05-13T04:56:56+00:00","article_modified_time":"2022-05-13T04:56:57+00:00","og_image":[{"width":835,"height":555,"url":"https:\/\/verschluss.de\/wp-content\/uploads\/2022\/05\/2022-05-13-Freitag-der-13.jpg","type":"image\/jpeg"}],"author":"Bianka Teinze","twitter_card":"summary_large_image","twitter_misc":{"Written by":"Bianka Teinze","Estimated reading time":"3 minutes"},"schema":{"@context":"https:\/\/schema.org","@graph":[{"@type":"Article","@id":"https:\/\/verschluss.de\/schneider\/freitag-der-13\/#article","isPartOf":{"@id":"https:\/\/verschluss.de\/schneider\/freitag-der-13\/"},"author":{"name":"Bianka Teinze","@id":"https:\/\/verschluss.de\/#\/schema\/person\/87d2c259dcb40033e79c398b6682e8a3"},"headline":"Freitag, der 13.","datePublished":"2022-05-13T04:56:56+00:00","dateModified":"2022-05-13T04:56:57+00:00","mainEntityOfPage":{"@id":"https:\/\/verschluss.de\/schneider\/freitag-der-13\/"},"wordCount":502,"commentCount":0,"articleSection":["Schneider"],"inLanguage":"en-GB","potentialAction":[{"@type":"CommentAction","name":"Comment","target":["https:\/\/verschluss.de\/schneider\/freitag-der-13\/#respond"]}]},{"@type":"WebPage","@id":"https:\/\/verschluss.de\/schneider\/freitag-der-13\/","url":"https:\/\/verschluss.de\/schneider\/freitag-der-13\/","name":"Freitag, der 13.","isPartOf":{"@id":"https:\/\/verschluss.de\/#website"},"datePublished":"2022-05-13T04:56:56+00:00","dateModified":"2022-05-13T04:56:57+00:00","author":{"@id":"https:\/\/verschluss.de\/#\/schema\/person\/87d2c259dcb40033e79c398b6682e8a3"},"description":"F\u00fcr manche Menschen hat Freitag, der 13., etwas Unheimliches. Sie rechnen an diesem Tag mit Pech und Ungl\u00fcck. Aber woher kommt das?","breadcrumb":{"@id":"https:\/\/verschluss.de\/schneider\/freitag-der-13\/#breadcrumb"},"inLanguage":"en-GB","potentialAction":[{"@type":"ReadAction","target":["https:\/\/verschluss.de\/schneider\/freitag-der-13\/"]}]},{"@type":"BreadcrumbList","@id":"https:\/\/verschluss.de\/schneider\/freitag-der-13\/#breadcrumb","itemListElement":[{"@type":"ListItem","position":1,"name":"Startseite","item":"https:\/\/verschluss.de\/"},{"@type":"ListItem","position":2,"name":"Freitag, der 13."}]},{"@type":"WebSite","@id":"https:\/\/verschluss.de\/#website","url":"https:\/\/verschluss.de\/","name":"Verschluss.de","description":"Wir entwickeln und realisieren Ihre Visionen in der Welt der Thermoplaste","potentialAction":[{"@type":"SearchAction","target":{"@type":"EntryPoint","urlTemplate":"https:\/\/verschluss.de\/?s={search_term_string}"},"query-input":{"@type":"PropertyValueSpecification","valueRequired":true,"valueName":"search_term_string"}}],"inLanguage":"en-GB"},{"@type":"Person","@id":"https:\/\/verschluss.de\/#\/schema\/person\/87d2c259dcb40033e79c398b6682e8a3","name":"Bianka Teinze","image":{"@type":"ImageObject","inLanguage":"en-GB","@id":"https:\/\/secure.gravatar.com\/avatar\/c0d8b52e710e03a2416019ddedca06b038a3bf745c9b4ccb1e9f8c355e76be7f?s=96&d=mm&r=g","url":"https:\/\/secure.gravatar.com\/avatar\/c0d8b52e710e03a2416019ddedca06b038a3bf745c9b4ccb1e9f8c355e76be7f?s=96&d=mm&r=g","contentUrl":"https:\/\/secure.gravatar.com\/avatar\/c0d8b52e710e03a2416019ddedca06b038a3bf745c9b4ccb1e9f8c355e76be7f?s=96&d=mm&r=g","caption":"Bianka Teinze"},"sameAs":["https:\/\/verschluss.de\/"],"url":"https:\/\/verschluss.de\/en\/author\/biankateinze\/"}]}},"_links":{"self":[{"href":"https:\/\/verschluss.de\/en\/wp-json\/wp\/v2\/posts\/9334","targetHints":{"allow":["GET"]}}],"collection":[{"href":"https:\/\/verschluss.de\/en\/wp-json\/wp\/v2\/posts"}],"about":[{"href":"https:\/\/verschluss.de\/en\/wp-json\/wp\/v2\/types\/post"}],"author":[{"embeddable":true,"href":"https:\/\/verschluss.de\/en\/wp-json\/wp\/v2\/users\/5"}],"replies":[{"embeddable":true,"href":"https:\/\/verschluss.de\/en\/wp-json\/wp\/v2\/comments?post=9334"}],"version-history":[{"count":1,"href":"https:\/\/verschluss.de\/en\/wp-json\/wp\/v2\/posts\/9334\/revisions"}],"predecessor-version":[{"id":9335,"href":"https:\/\/verschluss.de\/en\/wp-json\/wp\/v2\/posts\/9334\/revisions\/9335"}],"wp:attachment":[{"href":"https:\/\/verschluss.de\/en\/wp-json\/wp\/v2\/media?parent=9334"}],"wp:term":[{"taxonomy":"category","embeddable":true,"href":"https:\/\/verschluss.de\/en\/wp-json\/wp\/v2\/categories?post=9334"},{"taxonomy":"post_tag","embeddable":true,"href":"https:\/\/verschluss.de\/en\/wp-json\/wp\/v2\/tags?post=9334"}],"curies":[{"name":"wp","href":"https:\/\/api.w.org\/{rel}","templated":true}]}}