{"id":9575,"date":"2022-06-02T04:00:00","date_gmt":"2022-06-02T02:00:00","guid":{"rendered":"http:\/\/verschluss.de\/?p=9575"},"modified":"2022-06-01T14:50:50","modified_gmt":"2022-06-01T12:50:50","slug":"feierabend_blog","status":"publish","type":"post","link":"https:\/\/verschluss.de\/en\/pfefferkorn\/feierabend_blog\/","title":{"rendered":"Feierabend"},"content":{"rendered":"<div data-elementor-type=\"wp-post\" data-elementor-id=\"9575\" class=\"elementor elementor-9575\" data-elementor-post-type=\"post\">\n\t\t\t\t\t\t<section class=\"elementor-section elementor-top-section elementor-element elementor-element-0cbdc0e elementor-section-boxed elementor-section-height-default elementor-section-height-default\" data-id=\"0cbdc0e\" data-element_type=\"section\" data-e-type=\"section\" data-settings=\"{&quot;jet_parallax_layout_list&quot;:[]}\">\n\t\t\t\t\t\t<div class=\"elementor-container elementor-column-gap-default\">\n\t\t\t\t\t<div class=\"elementor-column elementor-col-100 elementor-top-column elementor-element elementor-element-66590e1\" data-id=\"66590e1\" data-element_type=\"column\" data-e-type=\"column\">\n\t\t\t<div class=\"elementor-widget-wrap elementor-element-populated\">\n\t\t\t\t\t\t<div class=\"elementor-element elementor-element-c374a4f elementor-widget elementor-widget-text-editor\" data-id=\"c374a4f\" data-element_type=\"widget\" data-e-type=\"widget\" data-widget_type=\"text-editor.default\">\n\t\t\t\t<div class=\"elementor-widget-container\">\n\t\t\t\t\t\t\t\t\t<p><strong>Seit 2004 feiern die Amerikaner am 2. Juni den \u201eLeave-the-office-early-day\u201c \u2013 den \u201eMach-fr\u00fcher-Feierabend-Tag\u201c.\u00a0 Ins Leben gerufen hat diesen Tag Laura Stack, Produktivit\u00e4tstrainerin und Autorin des Buches \u201eLeave the office earlier\u201c (u.a.). Ihr T\u00e4tigkeitsbereich legt schon nahe, dass es ihr nicht einfach darum ging, fr\u00fcher Feierabend zu machen.\u00a0 Viel mehr geht es darum, die eigene Arbeitseffizienz genauer zu betrachten. Wie kann ich\/wie k\u00f6nnen wir unser Pensum schneller bew\u00e4ltigen?<\/strong><\/p><p>Jedes Unternehmen sollte seine Betriebsabl\u00e4ufe kritisch betrachten, um Schwachstellen zu entdecken und Prozesse zu optimieren. So, wie es auch die Firma Pfefferkorn regelm\u00e4\u00dfig macht und daf\u00fcr 2020 mit der <a href=\"http:\/\/verschluss.de\/en\/pfefferkorn\/zertifiziert\/\" target=\"_blank\" rel=\"noopener\">Zertifizierung nach DIN EN ISO 2001<\/a> belohnt wurde.<\/p><p>Aber auch jeder einzelne Arbeitsplatz, jeder Mitarbeiter, kann seine Arbeit unter die Lupe nehmen. Es finden sich bestimmt einige Punkte, die man optimieren kann. Arbeiten, die man effizienter erledigen und sich damit den fr\u00fcheren Feierabend verdienen kann.\u00a0<\/p><p>Nat\u00fcrlich gibt es Arbeitsbereiche, in denen vorgeschriebene Arbeitsabl\u00e4ufe eingehalten werden m\u00fcssen und in denen flexible Arbeitszeiten nicht umsetzbar sind. Aber auch dort kann eine reflektierte und \u00fcberlegte Arbeitsweise dem einzelnen Arbeitnehmer, dem gesamten Team und auch der ganzen Abteilung Vorteile bringen. N\u00e4mlich dann, wenn der einzelne Arbeitnehmer sich nicht als Einzelk\u00e4mpfer sieht, sondern als Teil eines gro\u00dfen Ganzen.<\/p><p>Die Pfefferkorn &amp; Co GmbH legt gro\u00dfen Wert auf die Erfahrungen und Kompetenzen ihrer Mitarbeiter. Auch wenn die allgemeinen \u00d6ffnungszeiten konkret f\u00fcr die Zeit von 8:00 h \u2013 16:30 h festgelegt sind, haben die Mitarbeiter die M\u00f6glichkeit, ihren Arbeitsplatz hier und da fr\u00fcher zu verlassen. Denn es ist immer gew\u00e4hrleistet, dass ein kompetenter\u00a0 Ansprechpartner f\u00fcr unsere Kunden erreichbar ist und dass unsere Arbeit gewohnt zuverl\u00e4ssig und z\u00fcgig erledigt wird. Nicht nur am heutigen 2. Juni.<\/p><p>Warum eigentlich der 2. Juni? Die Wahl dieses Datums hatte f\u00fcr Laura Stack keinen betriebswirtschaftlichen, politischen oder was auch immer f\u00fcr einen Hintergrund. Der 2. Juni ist schlicht ihr Geburtstag. Und wer will schon an seinem Geburtstag acht Stunden arbeiten?<\/p><p>Laura Stack hat \u00fcbrigens auch bei der Terminierung des \u201eMach-fr\u00fcher-Feierabend-Tags\u201c flexibel gedacht: Sollte der 2. Juni auf ein Wochenende fallen, wird er einfach verschoben. F\u00e4llt der 2. Juni auf einen Samstag, feiert man in den USA den \u201eMach-fr\u00fcher-Feierabend-Tag\u201c am davor liegenden Freitag. F\u00e4llt er auf einen Sonntag, geht man am folgenden Montag fr\u00fcher.<\/p>\t\t\t\t\t\t\t\t<\/div>\n\t\t\t\t<\/div>\n\t\t\t\t\t<\/div>\n\t\t<\/div>\n\t\t\t\t\t<\/div>\n\t\t<\/section>\n\t\t\t\t<\/div>","protected":false},"excerpt":{"rendered":"<p>Am heutigen 2. Juni feiern die USA ihren \u201eMach-fr\u00fcher-Feierabend-Tag\u201c<\/p>","protected":false},"author":5,"featured_media":0,"comment_status":"open","ping_status":"open","sticky":false,"template":"","format":"standard","meta":{"site-sidebar-layout":"default","site-content-layout":"","ast-site-content-layout":"default","site-content-style":"default","site-sidebar-style":"default","ast-global-header-display":"","ast-banner-title-visibility":"","ast-main-header-display":"","ast-hfb-above-header-display":"","ast-hfb-below-header-display":"","ast-hfb-mobile-header-display":"","site-post-title":"","ast-breadcrumbs-content":"","ast-featured-img":"","footer-sml-layout":"","ast-disable-related-posts":"","theme-transparent-header-meta":"","adv-header-id-meta":"","stick-header-meta":"","header-above-stick-meta":"","header-main-stick-meta":"","header-below-stick-meta":"","astra-migrate-meta-layouts":"default","ast-page-background-enabled":"default","ast-page-background-meta":{"desktop":{"background-color":"var(--ast-global-color-4)","background-image":"","background-repeat":"repeat","background-position":"center center","background-size":"auto","background-attachment":"scroll","background-type":"","background-media":"","overlay-type":"","overlay-color":"","overlay-opacity":"","overlay-gradient":""},"tablet":{"background-color":"","background-image":"","background-repeat":"repeat","background-position":"center center","background-size":"auto","background-attachment":"scroll","background-type":"","background-media":"","overlay-type":"","overlay-color":"","overlay-opacity":"","overlay-gradient":""},"mobile":{"background-color":"","background-image":"","background-repeat":"repeat","background-position":"center center","background-size":"auto","background-attachment":"scroll","background-type":"","background-media":"","overlay-type":"","overlay-color":"","overlay-opacity":"","overlay-gradient":""}},"ast-content-background-meta":{"desktop":{"background-color":"var(--ast-global-color-5)","background-image":"","background-repeat":"repeat","background-position":"center center","background-size":"auto","background-attachment":"scroll","background-type":"","background-media":"","overlay-type":"","overlay-color":"","overlay-opacity":"","overlay-gradient":""},"tablet":{"background-color":"var(--ast-global-color-5)","background-image":"","background-repeat":"repeat","background-position":"center center","background-size":"auto","background-attachment":"scroll","background-type":"","background-media":"","overlay-type":"","overlay-color":"","overlay-opacity":"","overlay-gradient":""},"mobile":{"background-color":"var(--ast-global-color-5)","background-image":"","background-repeat":"repeat","background-position":"center center","background-size":"auto","background-attachment":"scroll","background-type":"","background-media":"","overlay-type":"","overlay-color":"","overlay-opacity":"","overlay-gradient":""}},"footnotes":""},"categories":[8],"tags":[],"class_list":["post-9575","post","type-post","status-publish","format-standard","hentry","category-pfefferkorn"],"yoast_head":"<!-- This site is optimized with the Yoast SEO plugin v27.4 - https:\/\/yoast.com\/product\/yoast-seo-wordpress\/ -->\n<title>Am heutigen 2. Juni feiern die USA ihren \u201eMach-fr\u00fcher-Feierabend-Tag\u201c<\/title>\n<meta name=\"description\" content=\"Den &quot;Mach-fr\u00fcher-Feierabend-Tag&quot; haben die USA der Autorin Laura Stack zu verdanken. Und es ging ihr nur darum, fr\u00fcher nach Hause zu gehen.\" \/>\n<meta name=\"robots\" content=\"index, follow, max-snippet:-1, max-image-preview:large, max-video-preview:-1\" \/>\n<link rel=\"canonical\" href=\"https:\/\/verschluss.de\/en\/pfefferkorn\/feierabend_blog\/\" \/>\n<meta property=\"og:locale\" content=\"en_GB\" \/>\n<meta property=\"og:type\" content=\"article\" \/>\n<meta property=\"og:title\" content=\"Am heutigen 2. Juni feiern die USA ihren \u201eMach-fr\u00fcher-Feierabend-Tag\u201c\" \/>\n<meta property=\"og:description\" content=\"Den &quot;Mach-fr\u00fcher-Feierabend-Tag&quot; haben die USA der Autorin Laura Stack zu verdanken. Und es ging ihr nur darum, fr\u00fcher nach Hause zu gehen.\" \/>\n<meta property=\"og:url\" content=\"https:\/\/verschluss.de\/en\/pfefferkorn\/feierabend_blog\/\" \/>\n<meta property=\"og:site_name\" content=\"Verschluss.de\" \/>\n<meta property=\"article:published_time\" content=\"2022-06-02T02:00:00+00:00\" \/>\n<meta property=\"og:image\" content=\"https:\/\/verschluss.de\/wp-content\/uploads\/2022\/06\/Pfefferkorn-Feierabend-quer-IMG_20220317_113709_5.jpg\" \/>\n\t<meta property=\"og:image:width\" content=\"1654\" \/>\n\t<meta property=\"og:image:height\" content=\"1240\" \/>\n\t<meta property=\"og:image:type\" content=\"image\/jpeg\" \/>\n<meta name=\"author\" content=\"Bianka Teinze\" \/>\n<meta name=\"twitter:card\" content=\"summary_large_image\" \/>\n<meta name=\"twitter:label1\" content=\"Written by\" \/>\n\t<meta name=\"twitter:data1\" content=\"Bianka Teinze\" \/>\n\t<meta name=\"twitter:label2\" content=\"Estimated reading time\" \/>\n\t<meta name=\"twitter:data2\" content=\"3 minutes\" \/>\n<script type=\"application\/ld+json\" class=\"yoast-schema-graph\">{\"@context\":\"https:\\\/\\\/schema.org\",\"@graph\":[{\"@type\":\"Article\",\"@id\":\"https:\\\/\\\/verschluss.de\\\/pfefferkorn\\\/feierabend_blog\\\/#article\",\"isPartOf\":{\"@id\":\"https:\\\/\\\/verschluss.de\\\/pfefferkorn\\\/feierabend_blog\\\/\"},\"author\":{\"name\":\"Bianka Teinze\",\"@id\":\"https:\\\/\\\/verschluss.de\\\/#\\\/schema\\\/person\\\/87d2c259dcb40033e79c398b6682e8a3\"},\"headline\":\"Feierabend\",\"datePublished\":\"2022-06-02T02:00:00+00:00\",\"mainEntityOfPage\":{\"@id\":\"https:\\\/\\\/verschluss.de\\\/pfefferkorn\\\/feierabend_blog\\\/\"},\"wordCount\":392,\"commentCount\":0,\"articleSection\":[\"Pfefferkorn\"],\"inLanguage\":\"en-GB\",\"potentialAction\":[{\"@type\":\"CommentAction\",\"name\":\"Comment\",\"target\":[\"https:\\\/\\\/verschluss.de\\\/pfefferkorn\\\/feierabend_blog\\\/#respond\"]}]},{\"@type\":\"WebPage\",\"@id\":\"https:\\\/\\\/verschluss.de\\\/pfefferkorn\\\/feierabend_blog\\\/\",\"url\":\"https:\\\/\\\/verschluss.de\\\/pfefferkorn\\\/feierabend_blog\\\/\",\"name\":\"Am heutigen 2. Juni feiern die USA ihren \u201eMach-fr\u00fcher-Feierabend-Tag\u201c\",\"isPartOf\":{\"@id\":\"https:\\\/\\\/verschluss.de\\\/#website\"},\"datePublished\":\"2022-06-02T02:00:00+00:00\",\"author\":{\"@id\":\"https:\\\/\\\/verschluss.de\\\/#\\\/schema\\\/person\\\/87d2c259dcb40033e79c398b6682e8a3\"},\"description\":\"Den \\\"Mach-fr\u00fcher-Feierabend-Tag\\\" haben die USA der Autorin Laura Stack zu verdanken. Und es ging ihr nur darum, fr\u00fcher nach Hause zu gehen.\",\"breadcrumb\":{\"@id\":\"https:\\\/\\\/verschluss.de\\\/pfefferkorn\\\/feierabend_blog\\\/#breadcrumb\"},\"inLanguage\":\"en-GB\",\"potentialAction\":[{\"@type\":\"ReadAction\",\"target\":[\"https:\\\/\\\/verschluss.de\\\/pfefferkorn\\\/feierabend_blog\\\/\"]}]},{\"@type\":\"BreadcrumbList\",\"@id\":\"https:\\\/\\\/verschluss.de\\\/pfefferkorn\\\/feierabend_blog\\\/#breadcrumb\",\"itemListElement\":[{\"@type\":\"ListItem\",\"position\":1,\"name\":\"Startseite\",\"item\":\"https:\\\/\\\/verschluss.de\\\/\"},{\"@type\":\"ListItem\",\"position\":2,\"name\":\"Feierabend\"}]},{\"@type\":\"WebSite\",\"@id\":\"https:\\\/\\\/verschluss.de\\\/#website\",\"url\":\"https:\\\/\\\/verschluss.de\\\/\",\"name\":\"Verschluss.de\",\"description\":\"Wir entwickeln und realisieren Ihre Visionen in der Welt der Thermoplaste\",\"potentialAction\":[{\"@type\":\"SearchAction\",\"target\":{\"@type\":\"EntryPoint\",\"urlTemplate\":\"https:\\\/\\\/verschluss.de\\\/?s={search_term_string}\"},\"query-input\":{\"@type\":\"PropertyValueSpecification\",\"valueRequired\":true,\"valueName\":\"search_term_string\"}}],\"inLanguage\":\"en-GB\"},{\"@type\":\"Person\",\"@id\":\"https:\\\/\\\/verschluss.de\\\/#\\\/schema\\\/person\\\/87d2c259dcb40033e79c398b6682e8a3\",\"name\":\"Bianka Teinze\",\"image\":{\"@type\":\"ImageObject\",\"inLanguage\":\"en-GB\",\"@id\":\"https:\\\/\\\/secure.gravatar.com\\\/avatar\\\/c0d8b52e710e03a2416019ddedca06b038a3bf745c9b4ccb1e9f8c355e76be7f?s=96&d=mm&r=g\",\"url\":\"https:\\\/\\\/secure.gravatar.com\\\/avatar\\\/c0d8b52e710e03a2416019ddedca06b038a3bf745c9b4ccb1e9f8c355e76be7f?s=96&d=mm&r=g\",\"contentUrl\":\"https:\\\/\\\/secure.gravatar.com\\\/avatar\\\/c0d8b52e710e03a2416019ddedca06b038a3bf745c9b4ccb1e9f8c355e76be7f?s=96&d=mm&r=g\",\"caption\":\"Bianka Teinze\"},\"sameAs\":[\"https:\\\/\\\/verschluss.de\\\/\"],\"url\":\"https:\\\/\\\/verschluss.de\\\/en\\\/author\\\/biankateinze\\\/\"}]}<\/script>\n<!-- \/ Yoast SEO plugin. -->","yoast_head_json":{"title":"Am heutigen 2. Juni feiern die USA ihren \u201eMach-fr\u00fcher-Feierabend-Tag\u201c","description":"Den \"Mach-fr\u00fcher-Feierabend-Tag\" haben die USA der Autorin Laura Stack zu verdanken. Und es ging ihr nur darum, fr\u00fcher nach Hause zu gehen.","robots":{"index":"index","follow":"follow","max-snippet":"max-snippet:-1","max-image-preview":"max-image-preview:large","max-video-preview":"max-video-preview:-1"},"canonical":"https:\/\/verschluss.de\/en\/pfefferkorn\/feierabend_blog\/","og_locale":"en_GB","og_type":"article","og_title":"Am heutigen 2. Juni feiern die USA ihren \u201eMach-fr\u00fcher-Feierabend-Tag\u201c","og_description":"Den \"Mach-fr\u00fcher-Feierabend-Tag\" haben die USA der Autorin Laura Stack zu verdanken. Und es ging ihr nur darum, fr\u00fcher nach Hause zu gehen.","og_url":"https:\/\/verschluss.de\/en\/pfefferkorn\/feierabend_blog\/","og_site_name":"Verschluss.de","article_published_time":"2022-06-02T02:00:00+00:00","og_image":[{"width":1654,"height":1240,"url":"https:\/\/verschluss.de\/wp-content\/uploads\/2022\/06\/Pfefferkorn-Feierabend-quer-IMG_20220317_113709_5.jpg","type":"image\/jpeg"}],"author":"Bianka Teinze","twitter_card":"summary_large_image","twitter_misc":{"Written by":"Bianka Teinze","Estimated reading time":"3 minutes"},"schema":{"@context":"https:\/\/schema.org","@graph":[{"@type":"Article","@id":"https:\/\/verschluss.de\/pfefferkorn\/feierabend_blog\/#article","isPartOf":{"@id":"https:\/\/verschluss.de\/pfefferkorn\/feierabend_blog\/"},"author":{"name":"Bianka Teinze","@id":"https:\/\/verschluss.de\/#\/schema\/person\/87d2c259dcb40033e79c398b6682e8a3"},"headline":"Feierabend","datePublished":"2022-06-02T02:00:00+00:00","mainEntityOfPage":{"@id":"https:\/\/verschluss.de\/pfefferkorn\/feierabend_blog\/"},"wordCount":392,"commentCount":0,"articleSection":["Pfefferkorn"],"inLanguage":"en-GB","potentialAction":[{"@type":"CommentAction","name":"Comment","target":["https:\/\/verschluss.de\/pfefferkorn\/feierabend_blog\/#respond"]}]},{"@type":"WebPage","@id":"https:\/\/verschluss.de\/pfefferkorn\/feierabend_blog\/","url":"https:\/\/verschluss.de\/pfefferkorn\/feierabend_blog\/","name":"Am heutigen 2. Juni feiern die USA ihren \u201eMach-fr\u00fcher-Feierabend-Tag\u201c","isPartOf":{"@id":"https:\/\/verschluss.de\/#website"},"datePublished":"2022-06-02T02:00:00+00:00","author":{"@id":"https:\/\/verschluss.de\/#\/schema\/person\/87d2c259dcb40033e79c398b6682e8a3"},"description":"Den \"Mach-fr\u00fcher-Feierabend-Tag\" haben die USA der Autorin Laura Stack zu verdanken. Und es ging ihr nur darum, fr\u00fcher nach Hause zu gehen.","breadcrumb":{"@id":"https:\/\/verschluss.de\/pfefferkorn\/feierabend_blog\/#breadcrumb"},"inLanguage":"en-GB","potentialAction":[{"@type":"ReadAction","target":["https:\/\/verschluss.de\/pfefferkorn\/feierabend_blog\/"]}]},{"@type":"BreadcrumbList","@id":"https:\/\/verschluss.de\/pfefferkorn\/feierabend_blog\/#breadcrumb","itemListElement":[{"@type":"ListItem","position":1,"name":"Startseite","item":"https:\/\/verschluss.de\/"},{"@type":"ListItem","position":2,"name":"Feierabend"}]},{"@type":"WebSite","@id":"https:\/\/verschluss.de\/#website","url":"https:\/\/verschluss.de\/","name":"Verschluss.de","description":"Wir entwickeln und realisieren Ihre Visionen in der Welt der Thermoplaste","potentialAction":[{"@type":"SearchAction","target":{"@type":"EntryPoint","urlTemplate":"https:\/\/verschluss.de\/?s={search_term_string}"},"query-input":{"@type":"PropertyValueSpecification","valueRequired":true,"valueName":"search_term_string"}}],"inLanguage":"en-GB"},{"@type":"Person","@id":"https:\/\/verschluss.de\/#\/schema\/person\/87d2c259dcb40033e79c398b6682e8a3","name":"Bianka Teinze","image":{"@type":"ImageObject","inLanguage":"en-GB","@id":"https:\/\/secure.gravatar.com\/avatar\/c0d8b52e710e03a2416019ddedca06b038a3bf745c9b4ccb1e9f8c355e76be7f?s=96&d=mm&r=g","url":"https:\/\/secure.gravatar.com\/avatar\/c0d8b52e710e03a2416019ddedca06b038a3bf745c9b4ccb1e9f8c355e76be7f?s=96&d=mm&r=g","contentUrl":"https:\/\/secure.gravatar.com\/avatar\/c0d8b52e710e03a2416019ddedca06b038a3bf745c9b4ccb1e9f8c355e76be7f?s=96&d=mm&r=g","caption":"Bianka Teinze"},"sameAs":["https:\/\/verschluss.de\/"],"url":"https:\/\/verschluss.de\/en\/author\/biankateinze\/"}]}},"_links":{"self":[{"href":"https:\/\/verschluss.de\/en\/wp-json\/wp\/v2\/posts\/9575","targetHints":{"allow":["GET"]}}],"collection":[{"href":"https:\/\/verschluss.de\/en\/wp-json\/wp\/v2\/posts"}],"about":[{"href":"https:\/\/verschluss.de\/en\/wp-json\/wp\/v2\/types\/post"}],"author":[{"embeddable":true,"href":"https:\/\/verschluss.de\/en\/wp-json\/wp\/v2\/users\/5"}],"replies":[{"embeddable":true,"href":"https:\/\/verschluss.de\/en\/wp-json\/wp\/v2\/comments?post=9575"}],"version-history":[{"count":9,"href":"https:\/\/verschluss.de\/en\/wp-json\/wp\/v2\/posts\/9575\/revisions"}],"predecessor-version":[{"id":9585,"href":"https:\/\/verschluss.de\/en\/wp-json\/wp\/v2\/posts\/9575\/revisions\/9585"}],"wp:attachment":[{"href":"https:\/\/verschluss.de\/en\/wp-json\/wp\/v2\/media?parent=9575"}],"wp:term":[{"taxonomy":"category","embeddable":true,"href":"https:\/\/verschluss.de\/en\/wp-json\/wp\/v2\/categories?post=9575"},{"taxonomy":"post_tag","embeddable":true,"href":"https:\/\/verschluss.de\/en\/wp-json\/wp\/v2\/tags?post=9575"}],"curies":[{"name":"wp","href":"https:\/\/api.w.org\/{rel}","templated":true}]}}